{"id":86429,"date":"2019-05-29T12:04:23","date_gmt":"2019-05-29T10:04:23","guid":{"rendered":"https:\/\/zjarr.tv\/?p=86429"},"modified":"2019-05-29T12:04:23","modified_gmt":"2019-05-29T10:04:23","slug":"ke-rekomandon-celjen-e-negociatave-per-shqiperine","status":"publish","type":"post","link":"https:\/\/zjarr.tv\/sq\/ke-rekomandon-celjen-e-negociatave-per-shqiperine\/","title":{"rendered":"KE rekomandon \u00e7eljen e negociatave p\u00ebr Shqip\u00ebrin\u00eb"},"content":{"rendered":"<p>Komisioni Europian rekomandon hapjen e negociatave p\u00ebr Shqip\u00ebrin\u00eb dhe Maqedonin\u00eb e Veriut. Nd\u00ebrsa prezantoi \u00a0paket\u00ebn vjetore t\u00eb zgjerimit, e cila p\u00ebrcakton p\u00ebrparimin q\u00eb kan\u00eb b\u00ebr\u00eb vendet q\u00eb synojn\u00eb integrimin evropian, eurokomisioneri Jonahes Hahn tha se Komisioni rekomandon q\u00eb K\u00ebshilli t\u00eb hap\u00eb negociata me k\u00ebto dy vende t\u00eb Ballkanit Per\u00ebndimor. \u201cDuhet ti p\u00ebrmbahemi angazhimeve tona\u201d tha Hahn, nd\u00ebrsa njohu progresin e b\u00ebr\u00eb nga vendi yn\u00eb sa i p\u00ebrket reformave.<\/p>\n<p>Shum\u00eb sfida mbeten, paketa sot tregon p\u00ebr problemet dhe udh\u00ebzimet e unionit. Duhet ti japim mir\u00ebnjohje komisionit dhe t\u00eb angazhojm\u00eb q\u00ebndrimin ton\u00eb. P\u00ebr t\u00eb dy vendet komisioni rekomandoi hapjen e negociatave vitin e kaluar. Duhet t\u00eb<\/p>\n<p>\u201cShteti ligjor, q\u00ebllimi kryesor i politik\u00ebs s\u00eb zgjerimit \u00ebsht\u00eb t\u00eb eksportojm\u00eb stabilitet, \u00ebsht\u00eb nevoj\u00eb q\u00eb Ballkani Per\u00ebndimor t\u00eb b\u00ebj\u00eb m\u00eb shum\u00eb progres n\u00eb pajtim, fqinj\u00ebsi t\u00eb mir\u00eb. Ka sfida kryesore sic \u00ebsht\u00eb ekonomia, ka ende v\u00ebshtir\u00ebsi, duhet zgjidhur c\u00ebshtja e papaun\u00ebsis\u00eb,emigracioni i lart\u00eb, standardet e jetes\u00ebs. \u00cbsht\u00eb me r\u00ebnd\u00ebsi t\u00eb sigurojn\u00eb q\u00eb cdo akvitet i huaj t\u00eb garantoj\u00eb standardet e BE\u201d tha Hahn.<\/p>\n<p>\u201cJam i k\u00ebnaqur se si Shqip\u00ebria e Maqedonia e Veriut kan\u00eb ndjekur reformat. Reforma n\u00eb drejt\u00ebsi n\u00eb Shqip\u00ebri ka patur progres, sidomos n\u00eb sistemin gjyq\u00ebsor. \u201c vijoi m\u00eb tej Hahn<\/p>\n<p>&nbsp;<\/p>\n","protected":false},"excerpt":{"rendered":"<p>Komisioni Europian rekomandon hapjen e negociatave p\u00ebr Shqip\u00ebrin\u00eb dhe Maqedonin\u00eb e Veriut. Nd\u00ebrsa prezantoi \u00a0paket\u00ebn vjetore t\u00eb zgjerimit, e cila p\u00ebrcakton p\u00ebrparimin q\u00eb kan\u00eb b\u00ebr\u00eb vendet q\u00eb synojn\u00eb integrimin evropian, eurokomisioneri Jonahes Hahn tha se Komisioni rekomandon q\u00eb K\u00ebshilli t\u00eb hap\u00eb negociata me k\u00ebto dy vende t\u00eb Ballkanit Per\u00ebndimor. \u201cDuhet ti p\u00ebrmbahemi angazhimeve tona\u201d tha [&hellip;]<\/p>\n","protected":false},"author":4,"featured_media":86430,"comment_status":"open","ping_status":"closed","sticky":false,"template":"","format":"standard","meta":{"footnotes":""},"categories":[241,231,235],"tags":[],"class_list":{"0":"post-86429","1":"post","2":"type-post","3":"status-publish","4":"format-standard","5":"has-post-thumbnail","7":"category-aktualitet","8":"category-lajme","9":"category-vendi"},"_links":{"self":[{"href":"https:\/\/zjarr.tv\/sq\/wp-json\/wp\/v2\/posts\/86429","targetHints":{"allow":["GET"]}}],"collection":[{"href":"https:\/\/zjarr.tv\/sq\/wp-json\/wp\/v2\/posts"}],"about":[{"href":"https:\/\/zjarr.tv\/sq\/wp-json\/wp\/v2\/types\/post"}],"author":[{"embeddable":true,"href":"https:\/\/zjarr.tv\/sq\/wp-json\/wp\/v2\/users\/4"}],"replies":[{"embeddable":true,"href":"https:\/\/zjarr.tv\/sq\/wp-json\/wp\/v2\/comments?post=86429"}],"version-history":[{"count":0,"href":"https:\/\/zjarr.tv\/sq\/wp-json\/wp\/v2\/posts\/86429\/revisions"}],"wp:featuredmedia":[{"embeddable":true,"href":"https:\/\/zjarr.tv\/sq\/wp-json\/wp\/v2\/media\/86430"}],"wp:attachment":[{"href":"https:\/\/zjarr.tv\/sq\/wp-json\/wp\/v2\/media?parent=86429"}],"wp:term":[{"taxonomy":"category","embeddable":true,"href":"https:\/\/zjarr.tv\/sq\/wp-json\/wp\/v2\/categories?post=86429"},{"taxonomy":"post_tag","embeddable":true,"href":"https:\/\/zjarr.tv\/sq\/wp-json\/wp\/v2\/tags?post=86429"}],"curies":[{"name":"wp","href":"https:\/\/api.w.org\/{rel}","templated":true}]}}