{"id":86436,"date":"2019-05-29T12:10:16","date_gmt":"2019-05-29T10:10:16","guid":{"rendered":"https:\/\/zjarr.tv\/?p=86436"},"modified":"2019-05-29T12:10:16","modified_gmt":"2019-05-29T10:10:16","slug":"platforma-na-marrin-te-keqen-edi-rama-u-pergjigjet-kritikeve","status":"publish","type":"post","link":"https:\/\/zjarr.tv\/sq\/platforma-na-marrin-te-keqen-edi-rama-u-pergjigjet-kritikeve\/","title":{"rendered":"Platforma\/ \u201cNa marrin t\u00eb keqen\u201d, Edi Rama u p\u00ebrgjigjet kritik\u00ebve"},"content":{"rendered":"<p><strong>\u00a0<\/strong>Kryeministri i vendit, Edi Rama n\u00eb takimin e p\u00ebrjavsh\u00ebm me koordinator\u00ebt e platform\u00ebs s\u00eb bashk\u00ebqeverisjes, ku u prezantuan rastet e zgjidhura prej tyre, edhe nj\u00ebher\u00eb u b\u00ebri apel qytetar\u00ebve q\u00eb mos t\u00eb humbasin asnj\u00eb minut\u00eb koh\u00eb, por ta drejtojn\u00eb problemin direkt n\u00eb platform\u00eb. Sipas kryeministrit, qytetar\u00ebt tashm\u00eb jan\u00eb t\u00eb p\u00ebrkrahur dhe shqet\u00ebsimet e tyre trajtohen n\u00eb koh\u00eb rekord.<\/p>\n<p>Gjithashtu kryeministri Rama \u00a0kishte edhe nj\u00eb mesazh p\u00ebr t\u00eb gjitha ata persona q\u00eb hedhin akuza p\u00ebr platform\u00ebn, nd\u00ebrsa shtoi m\u00eb tej se qeveria do t\u00eb jet\u00eb n\u00eb krah t\u00eb njer\u00ebzve t\u00eb thjesht\u00eb.<\/p>\n<p>\u201cK\u00ebtu s\u2019jemi p\u00ebr vota, por jemi k\u00ebtu p\u00ebr t\u00eb th\u00ebn\u00eb se vota b\u00ebn gj\u00ebra. Platforma jep zgjedhje dhe fal\u00eb platform\u00ebs \u00e7do qytetar \u00ebsht\u00eb i p\u00ebrkrahur. Drejtojuni platform\u00ebs, sepse gjeni zgjidhje. \u00a0Platforma b\u00ebn edhe negocime dhe nd\u00ebrmjet\u00ebsime p\u00ebr zyr\u00ebn e pun\u00ebs p\u00ebr ata q\u00eb k\u00ebrkojn\u00eb pun\u00eb dhe nuk i b\u00ebjn\u00eb\u00a0 naze asaj. Koordinator\u00ebt jan\u00eb n\u00eb dispozicion p\u00ebr t\u00eb interesuarve. Sa i takon banesave sociale duet t\u00eb theksoj se jan\u00eb p\u00ebrgjegj\u00ebsit\u00eb e bashkive dhe n\u00eb baz\u00eb t\u00eb buxhetit \u00a0ato b\u00ebjn\u00eb planifikime dhe jep banesa sociale dhe nuk \u00ebsht\u00eb qeveria n\u00eb k\u00ebt\u00eb mes, por jan\u00eb bashkit\u00eb\u201d-tha kryeminsitri.<\/p>\n<p><strong><em>Pjes\u00eb nga biseda:<\/em><\/strong><\/p>\n<p><strong>Qytetari:<\/strong>\u00a0Kisha 21 vite q\u00eb k\u00ebrkoj\u00eb t\u00eb drejt\u00ebn e pensionit, shkoja gjithmon\u00eb te ai institucioni te Rruga e Durr\u00ebsit m\u00eb thoshin, ik se nuk e fiton. U ankova t\u00eb platforma kur m\u00eb thot\u00eb f\u00ebmija q\u00eb e kisha fituar. Faleminderit shum\u00eb, ndaj un\u00eb them ta mbrojm\u00eb, ta duam dhe e t\u00eb votojm\u00eb p\u00ebr qeverin\u00eb.<\/p>\n<p><strong>Kryeministri Rama:<\/strong>\u00a0Ulu, faleminderit shum\u00eb, por k\u00ebtu nuk jemi p\u00ebr vota, K\u00ebtu jemi p\u00ebr t\u00eb treguar se si platforma funksionon p\u00ebr t\u00eb dh\u00ebn\u00eb t\u00eb drejt\u00ebn q\u00eb qytetar\u00ebt nuk e kan\u00eb gjetur m\u00eb par\u00eb. Jemi me ju, jemi n\u00eb krah dhe jemi me ju deri n\u00eb fund. Platforma p\u00ebrqeshet dhe shahet dhe t\u00eb gjitha k\u00ebto e b\u00ebjn\u00eb edhe m\u00eb t\u00eb vendosur pun\u00ebn ton\u00eb dhe na marrin t\u00eb keqen n\u00eb fund t\u00eb dit\u00ebs dhe k\u00ebtu jemi, k\u00ebtu do t\u00eb jemi p\u00ebr qytetar\u00ebt. Zgjidhin hallin e tyre dhe vijn\u00eb k\u00ebtu p\u00ebr t\u00eb na ndihmuar edhe ne.\u00a0 Na keni n\u00eb krah me nj\u00eb sinjal, e gjith\u00eb kjo skuad\u00ebr \u00ebsht\u00eb 24\/7 dit\u00eb dhe b\u00ebn t\u00eb pamundur\u00ebn duke nd\u00ebrmjet\u00ebsuar me t\u00eb gjitha institucionet.<\/p>\n","protected":false},"excerpt":{"rendered":"<p>\u00a0Kryeministri i vendit, Edi Rama n\u00eb takimin e p\u00ebrjavsh\u00ebm me koordinator\u00ebt e platform\u00ebs s\u00eb bashk\u00ebqeverisjes, ku u prezantuan rastet e zgjidhura prej tyre, edhe nj\u00ebher\u00eb u b\u00ebri apel qytetar\u00ebve q\u00eb mos t\u00eb humbasin asnj\u00eb minut\u00eb koh\u00eb, por ta drejtojn\u00eb problemin direkt n\u00eb platform\u00eb. Sipas kryeministrit, qytetar\u00ebt tashm\u00eb jan\u00eb t\u00eb p\u00ebrkrahur dhe shqet\u00ebsimet e tyre trajtohen [&hellip;]<\/p>\n","protected":false},"author":4,"featured_media":69859,"comment_status":"open","ping_status":"closed","sticky":false,"template":"","format":"standard","meta":{"footnotes":""},"categories":[241,231,235],"tags":[],"class_list":{"0":"post-86436","1":"post","2":"type-post","3":"status-publish","4":"format-standard","5":"has-post-thumbnail","7":"category-aktualitet","8":"category-lajme","9":"category-vendi"},"_links":{"self":[{"href":"https:\/\/zjarr.tv\/sq\/wp-json\/wp\/v2\/posts\/86436","targetHints":{"allow":["GET"]}}],"collection":[{"href":"https:\/\/zjarr.tv\/sq\/wp-json\/wp\/v2\/posts"}],"about":[{"href":"https:\/\/zjarr.tv\/sq\/wp-json\/wp\/v2\/types\/post"}],"author":[{"embeddable":true,"href":"https:\/\/zjarr.tv\/sq\/wp-json\/wp\/v2\/users\/4"}],"replies":[{"embeddable":true,"href":"https:\/\/zjarr.tv\/sq\/wp-json\/wp\/v2\/comments?post=86436"}],"version-history":[{"count":0,"href":"https:\/\/zjarr.tv\/sq\/wp-json\/wp\/v2\/posts\/86436\/revisions"}],"wp:featuredmedia":[{"embeddable":true,"href":"https:\/\/zjarr.tv\/sq\/wp-json\/wp\/v2\/media\/69859"}],"wp:attachment":[{"href":"https:\/\/zjarr.tv\/sq\/wp-json\/wp\/v2\/media?parent=86436"}],"wp:term":[{"taxonomy":"category","embeddable":true,"href":"https:\/\/zjarr.tv\/sq\/wp-json\/wp\/v2\/categories?post=86436"},{"taxonomy":"post_tag","embeddable":true,"href":"https:\/\/zjarr.tv\/sq\/wp-json\/wp\/v2\/tags?post=86436"}],"curies":[{"name":"wp","href":"https:\/\/api.w.org\/{rel}","templated":true}]}}