{"id":86446,"date":"2019-05-29T12:33:27","date_gmt":"2019-05-29T10:33:27","guid":{"rendered":"https:\/\/zjarr.tv\/?p=86446"},"modified":"2019-05-29T12:33:27","modified_gmt":"2019-05-29T10:33:27","slug":"kriza-kukan-partite-shqiptare-te-ngrihen-mbi-interesat-partiake","status":"publish","type":"post","link":"https:\/\/zjarr.tv\/sq\/kriza-kukan-partite-shqiptare-te-ngrihen-mbi-interesat-partiake\/","title":{"rendered":"Kriza\/ Kukan: Partit\u00eb shqiptare t\u00eb ngrihen mbi interesat partiake"},"content":{"rendered":"<p style=\"line-height: 24.0pt;margin: 0in 0in 22.5pt 0in\"><span style=\"font-size: 15.0pt;color: #18191a\">Eurodeputeti i Partive Popullore Europiane dhe Kryetari i Grupit punues t\u00eb Komitetit t\u00eb Pun\u00ebve t\u00eb Jashtme t\u00eb PE p\u00ebr Ballkanin Per\u00ebndimor Eduard Kukan tha se Shqip\u00ebria dhe Maqedonia e Veriut meritojn\u00eb plot\u00ebsisht hapjen e negociatave p\u00ebr n\u00eb BE.<\/span><\/p>\n<p style=\"line-height: 24.0pt;text-align: start;margin: 0in 0in 22.5pt 0in\"><span style=\"font-size: 15.0pt;color: #18191a\">Kukan u shpreh se k\u00ebto vende kan\u00eb b\u00ebr\u00eb progres. Ai foli edhe p\u00ebr kriz\u00ebn politike n\u00eb Shqip\u00ebri, duke u shprehur se partit\u00eb politike shqiptare duhet t\u00eb ngrihen mbi interesat.<\/span><\/p>\n<p style=\"line-height: 24.0pt;margin: 0in 0in 22.5pt 0in\"><span style=\"font-size: 15.0pt;color: #18191a\">\u201cReagimi i fundit i Komisionit Europian ka qen\u00eb pozitiv. Maqedonia e Veriut dhe Shqip\u00ebria e meritojn\u00eb at\u00eb q\u00eb ju keni sugjeruar. Ka pasur progres n\u00eb rrug\u00ebn e integrimit. Gjithashtu mund t\u00eb themi se mund t\u00eb kemi m\u00eb shum\u00eb pun\u00eb.<\/span><\/p>\n<p style=\"line-height: 24.0pt;text-align: start;margin: 0in 0in 22.5pt 0in\"><span style=\"font-size: 15.0pt;color: #18191a\">Me Shqip\u00ebri\u00eb ne vler\u00ebsojm\u00eb se ka tensione politike, \u00ebsht\u00eb n\u00eb dor\u00ebn\u00a0 e elitave politike p\u00ebr at\u00eb q\u00eb do t\u00eb ndodh\u00eb. Partit\u00eb shqiptare duhet t\u00eb ngrihen mbi interesat partiake. Populli shqiptar v\u00ebrtet\u00eb e meriton hapjen e negociatave. Ne duhet q\u00eb t\u00eb b\u00ebjm\u00eb presion pozitiv p\u00ebr t\u00eb par\u00eb sa m\u00eb shum\u00eb demokraci n\u00eb rajon\u201d, tha Kukan.<\/span><\/p>\n","protected":false},"excerpt":{"rendered":"<p>Eurodeputeti i Partive Popullore Europiane dhe Kryetari i Grupit punues t\u00eb Komitetit t\u00eb Pun\u00ebve t\u00eb Jashtme t\u00eb PE p\u00ebr Ballkanin Per\u00ebndimor Eduard Kukan tha se Shqip\u00ebria dhe Maqedonia e Veriut meritojn\u00eb plot\u00ebsisht hapjen e negociatave p\u00ebr n\u00eb BE. Kukan u shpreh se k\u00ebto vende kan\u00eb b\u00ebr\u00eb progres. Ai foli edhe p\u00ebr kriz\u00ebn politike n\u00eb Shqip\u00ebri, [&hellip;]<\/p>\n","protected":false},"author":4,"featured_media":86447,"comment_status":"open","ping_status":"closed","sticky":false,"template":"","format":"standard","meta":{"footnotes":""},"categories":[241,231,235],"tags":[],"class_list":{"0":"post-86446","1":"post","2":"type-post","3":"status-publish","4":"format-standard","5":"has-post-thumbnail","7":"category-aktualitet","8":"category-lajme","9":"category-vendi"},"_links":{"self":[{"href":"https:\/\/zjarr.tv\/sq\/wp-json\/wp\/v2\/posts\/86446","targetHints":{"allow":["GET"]}}],"collection":[{"href":"https:\/\/zjarr.tv\/sq\/wp-json\/wp\/v2\/posts"}],"about":[{"href":"https:\/\/zjarr.tv\/sq\/wp-json\/wp\/v2\/types\/post"}],"author":[{"embeddable":true,"href":"https:\/\/zjarr.tv\/sq\/wp-json\/wp\/v2\/users\/4"}],"replies":[{"embeddable":true,"href":"https:\/\/zjarr.tv\/sq\/wp-json\/wp\/v2\/comments?post=86446"}],"version-history":[{"count":0,"href":"https:\/\/zjarr.tv\/sq\/wp-json\/wp\/v2\/posts\/86446\/revisions"}],"wp:featuredmedia":[{"embeddable":true,"href":"https:\/\/zjarr.tv\/sq\/wp-json\/wp\/v2\/media\/86447"}],"wp:attachment":[{"href":"https:\/\/zjarr.tv\/sq\/wp-json\/wp\/v2\/media?parent=86446"}],"wp:term":[{"taxonomy":"category","embeddable":true,"href":"https:\/\/zjarr.tv\/sq\/wp-json\/wp\/v2\/categories?post=86446"},{"taxonomy":"post_tag","embeddable":true,"href":"https:\/\/zjarr.tv\/sq\/wp-json\/wp\/v2\/tags?post=86446"}],"curies":[{"name":"wp","href":"https:\/\/api.w.org\/{rel}","templated":true}]}}