{"id":86449,"date":"2019-05-29T12:58:56","date_gmt":"2019-05-29T10:58:56","guid":{"rendered":"https:\/\/zjarr.tv\/?p=86449"},"modified":"2019-05-29T12:58:56","modified_gmt":"2019-05-29T10:58:56","slug":"ke-pro-negociatave-rama-shqiperia-i-ka-kryer-me-sukses-detyrat","status":"publish","type":"post","link":"https:\/\/zjarr.tv\/sq\/ke-pro-negociatave-rama-shqiperia-i-ka-kryer-me-sukses-detyrat\/","title":{"rendered":"KE pro negociatave, Rama: Shqip\u00ebria i ka kryer me sukses detyrat"},"content":{"rendered":"<p>Pas rekomandimit pa kushte p\u00ebr Shqip\u00ebrin\u00eb\u00a0 p\u00ebr hapjen e negociatave nga Komisioni Europian, ka reaguar edhe kryeministri i vendit,\u00a0 Edi Rama.<\/p>\n<p>Shefi i qeveris\u00eb thot\u00eb se hapja e drit\u00ebs jeshile nga Komisioni Europian konfirmon edhe nj\u00ebher\u00eb se Shqip\u00ebria i ka p\u00ebrmbushur detyrat e sht\u00ebpis\u00eb.<\/p>\n<p>\u201cRekomandimi pozitiv pa kushte i Komisionit Europian p\u00ebr \u00e7eljen zyrtare t\u00eb negociatave p\u00ebr an\u00ebtar\u00ebsim t\u00eb Shqip\u00ebris\u00eb me Bashkimin Europian, konfirmon se Shqip\u00ebria i ka kryer me sukses detyrat e sht\u00ebpis\u00eb n\u00eb k\u00ebt\u00eb proces\ud83c\udde6\ud83c\uddf1\ud83c\uddea\ud83c\uddfa N\u00eb 15.00 komunikim i p\u00ebrbashk\u00ebt publik me ambasadorin e BE\ud83e\udd1d\u201d, shruan shefi i qeveris\u00eb n\u00eb \u201cTwitter\u201d.<\/p>\n<p>Gjat\u00eb fjal\u00ebs s\u00eb tij n\u00eb Komisionin Europian, eurokomisioneri Johanes Hahn tha se Shqip\u00ebria dhe Maqedonia e Veriut kan\u00eb p\u00ebrmbushur me rigorozitet kushte dhe tashm\u00eb ata duan t\u00eb hapin negociatat pa kushte me familjen e madhe t\u00eb BE-s\u00eb.<\/p>\n","protected":false},"excerpt":{"rendered":"<p>Pas rekomandimit pa kushte p\u00ebr Shqip\u00ebrin\u00eb\u00a0 p\u00ebr hapjen e negociatave nga Komisioni Europian, ka reaguar edhe kryeministri i vendit,\u00a0 Edi Rama. Shefi i qeveris\u00eb thot\u00eb se hapja e drit\u00ebs jeshile nga Komisioni Europian konfirmon edhe nj\u00ebher\u00eb se Shqip\u00ebria i ka p\u00ebrmbushur detyrat e sht\u00ebpis\u00eb. \u201cRekomandimi pozitiv pa kushte i Komisionit Europian p\u00ebr \u00e7eljen zyrtare t\u00eb [&hellip;]<\/p>\n","protected":false},"author":4,"featured_media":86451,"comment_status":"open","ping_status":"closed","sticky":false,"template":"","format":"standard","meta":{"footnotes":""},"categories":[241,231,235],"tags":[],"class_list":{"0":"post-86449","1":"post","2":"type-post","3":"status-publish","4":"format-standard","5":"has-post-thumbnail","7":"category-aktualitet","8":"category-lajme","9":"category-vendi"},"_links":{"self":[{"href":"https:\/\/zjarr.tv\/sq\/wp-json\/wp\/v2\/posts\/86449","targetHints":{"allow":["GET"]}}],"collection":[{"href":"https:\/\/zjarr.tv\/sq\/wp-json\/wp\/v2\/posts"}],"about":[{"href":"https:\/\/zjarr.tv\/sq\/wp-json\/wp\/v2\/types\/post"}],"author":[{"embeddable":true,"href":"https:\/\/zjarr.tv\/sq\/wp-json\/wp\/v2\/users\/4"}],"replies":[{"embeddable":true,"href":"https:\/\/zjarr.tv\/sq\/wp-json\/wp\/v2\/comments?post=86449"}],"version-history":[{"count":0,"href":"https:\/\/zjarr.tv\/sq\/wp-json\/wp\/v2\/posts\/86449\/revisions"}],"wp:featuredmedia":[{"embeddable":true,"href":"https:\/\/zjarr.tv\/sq\/wp-json\/wp\/v2\/media\/86451"}],"wp:attachment":[{"href":"https:\/\/zjarr.tv\/sq\/wp-json\/wp\/v2\/media?parent=86449"}],"wp:term":[{"taxonomy":"category","embeddable":true,"href":"https:\/\/zjarr.tv\/sq\/wp-json\/wp\/v2\/categories?post=86449"},{"taxonomy":"post_tag","embeddable":true,"href":"https:\/\/zjarr.tv\/sq\/wp-json\/wp\/v2\/tags?post=86449"}],"curies":[{"name":"wp","href":"https:\/\/api.w.org\/{rel}","templated":true}]}}