{"id":86463,"date":"2019-05-29T13:38:55","date_gmt":"2019-05-29T11:38:55","guid":{"rendered":"https:\/\/zjarr.tv\/?p=86463"},"modified":"2019-05-29T13:38:55","modified_gmt":"2019-05-29T11:38:55","slug":"gjermania-cdu-dhe-spd-ndahen-per-shqiperine","status":"publish","type":"post","link":"https:\/\/zjarr.tv\/sq\/gjermania-cdu-dhe-spd-ndahen-per-shqiperine\/","title":{"rendered":"Gjermania: CDU dhe SPD ndahen p\u00ebr Shqip\u00ebrin\u00eb"},"content":{"rendered":"<p>Frankfurter Allgemeiner Zeitung\/<\/p>\n<p>Unioni (CDU\/CSU) d\u00ebshiron t\u00eb rezistoj\u00eb ndaj hapjes s\u00eb shpejt\u00eb t\u00eb negociatave t\u00eb pranimit n\u00eb BE me Maqedonin\u00eb e Veriut dhe Shqip\u00ebrin\u00eb. \u201cDo t\u00eb vendosim n\u00eb tetor, derisa t\u00eb merret nj\u00eb vendim tjet\u00ebr,\u201d tha kryetari i Komisionit p\u00ebr Europ\u00ebn n\u00eb Bundestag, Gunther Krichbaum. Nj\u00eb vot\u00eb pozitive e 28 shteteve an\u00ebtar\u00ebve t\u00eb BE n\u00eb mes t\u00eb qershorit nuk \u00ebsht\u00eb fare e sigurt.<\/p>\n<p>Nga ana tjet\u00ebr, Ministri i Shtetit n\u00eb Ministrin\u00eb e Jashtme, Michael Roth, i socialdemokrat\u00ebve t\u00eb SPD, k\u00ebrkon nj\u00eb fillim t\u00eb shpejt\u00eb t\u00eb bisedimeve t\u00eb pranimit n\u00eb BE. \u201cTani \u00ebsht\u00eb koha q\u00eb BE t\u00eb mbaj\u00eb premtimin,\u201d shkruan Roth n\u00eb nj\u00eb postim n\u00eb Frankfurter Allgemeiner Zeitung t\u00eb m\u00ebrkur\u00ebn. \u201cNe duhet t\u00eb mbajm\u00eb fjal\u00ebn p\u00ebr Maqedonin\u00eb e Veriut dhe Shqip\u00ebrin\u00eb. Progresi i b\u00ebr\u00eb \u00ebsht\u00eb i preksh\u00ebm\u201d.<\/p>\n<p>T\u00eb m\u00ebrkur\u00ebn, Komisioni i BE rekomandoi hapjen e negociatave t\u00eb pranimit me dy vendet e Ballkanit. Vendimi p\u00ebrfundimtar, megjithat\u00eb, \u00ebsht\u00eb n\u00eb dor\u00eb t\u00eb vendeve an\u00ebtare t\u00eb BE, dhe mund t\u00eb merret m\u00eb 18 qershor n\u00eb nj\u00eb takim t\u00eb ministrave europian\u00eb n\u00eb Luksemburg.<\/p>\n<p>N\u00eb Gjermani, megjithat\u00eb, Bundestagu duhet t\u00eb hap\u00eb drit\u00ebn jeshile dhe kjo \u00ebsht\u00eb e mundur vet\u00ebm n\u00ebse miratohet nga grupi i CDU\/CSU. Hapja e negociatave p\u00ebr an\u00ebtar\u00ebsim shihet n\u00eb m\u00ebnyr\u00eb kritike ve\u00e7an\u00ebrisht n\u00eb Holand\u00eb, Danimark\u00eb dhe Franc\u00eb.<\/p>\n<p>Shtetet e BE e miratuan n\u00eb parim hapjen e negociatave me Shqip\u00ebrin\u00eb dhe Maqedonin\u00eb e Veriut qershorin e kaluar. Megjithat\u00eb, fillimi i bisedimeve do t\u00eb varej nga p\u00ebrparimi i m\u00ebtejsh\u00ebm i reformave. Komisioneri p\u00ebrgjegj\u00ebs, Johannes Hahn ka paralajm\u00ebruar se shtyrja dhe mosnjohja e progresit me objektivitet p\u00ebr vendet kandidate, mund t\u00eb ket\u00eb pasoja dramatike p\u00ebr vendet n\u00eb fjal\u00eb dhe rajonin n\u00eb t\u00ebr\u00ebsi.<\/p>\n<p>&nbsp;<\/p>\n","protected":false},"excerpt":{"rendered":"<p>Frankfurter Allgemeiner Zeitung\/ Unioni (CDU\/CSU) d\u00ebshiron t\u00eb rezistoj\u00eb ndaj hapjes s\u00eb shpejt\u00eb t\u00eb negociatave t\u00eb pranimit n\u00eb BE me Maqedonin\u00eb e Veriut dhe Shqip\u00ebrin\u00eb. \u201cDo t\u00eb vendosim n\u00eb tetor, derisa t\u00eb merret nj\u00eb vendim tjet\u00ebr,\u201d tha kryetari i Komisionit p\u00ebr Europ\u00ebn n\u00eb Bundestag, Gunther Krichbaum. Nj\u00eb vot\u00eb pozitive e 28 shteteve an\u00ebtar\u00ebve t\u00eb BE n\u00eb [&hellip;]<\/p>\n","protected":false},"author":2013,"featured_media":58584,"comment_status":"open","ping_status":"closed","sticky":false,"template":"","format":"standard","meta":{"footnotes":""},"categories":[241,235],"tags":[],"class_list":{"0":"post-86463","1":"post","2":"type-post","3":"status-publish","4":"format-standard","5":"has-post-thumbnail","7":"category-aktualitet","8":"category-vendi"},"_links":{"self":[{"href":"https:\/\/zjarr.tv\/sq\/wp-json\/wp\/v2\/posts\/86463","targetHints":{"allow":["GET"]}}],"collection":[{"href":"https:\/\/zjarr.tv\/sq\/wp-json\/wp\/v2\/posts"}],"about":[{"href":"https:\/\/zjarr.tv\/sq\/wp-json\/wp\/v2\/types\/post"}],"author":[{"embeddable":true,"href":"https:\/\/zjarr.tv\/sq\/wp-json\/wp\/v2\/users\/2013"}],"replies":[{"embeddable":true,"href":"https:\/\/zjarr.tv\/sq\/wp-json\/wp\/v2\/comments?post=86463"}],"version-history":[{"count":0,"href":"https:\/\/zjarr.tv\/sq\/wp-json\/wp\/v2\/posts\/86463\/revisions"}],"wp:featuredmedia":[{"embeddable":true,"href":"https:\/\/zjarr.tv\/sq\/wp-json\/wp\/v2\/media\/58584"}],"wp:attachment":[{"href":"https:\/\/zjarr.tv\/sq\/wp-json\/wp\/v2\/media?parent=86463"}],"wp:term":[{"taxonomy":"category","embeddable":true,"href":"https:\/\/zjarr.tv\/sq\/wp-json\/wp\/v2\/categories?post=86463"},{"taxonomy":"post_tag","embeddable":true,"href":"https:\/\/zjarr.tv\/sq\/wp-json\/wp\/v2\/tags?post=86463"}],"curies":[{"name":"wp","href":"https:\/\/api.w.org\/{rel}","templated":true}]}}