{"id":86465,"date":"2019-05-29T13:41:09","date_gmt":"2019-05-29T11:41:09","guid":{"rendered":"https:\/\/zjarr.tv\/?p=86465"},"modified":"2019-05-29T13:41:09","modified_gmt":"2019-05-29T11:41:09","slug":"mogherini-shqiperia-ka-nje-mbeshtetje-te-forte-nga-populli-per-anetaresim-ne-be","status":"publish","type":"post","link":"https:\/\/zjarr.tv\/sq\/mogherini-shqiperia-ka-nje-mbeshtetje-te-forte-nga-populli-per-anetaresim-ne-be\/","title":{"rendered":"Mogherini: Shqip\u00ebria ka nj\u00eb mb\u00ebshtetje t\u00eb fort\u00eb nga populli p\u00ebr an\u00ebtar\u00ebsim n\u00eb BE"},"content":{"rendered":"<p>P\u00ebrfaq\u00ebsuesja e Lart\u00eb e BE p\u00ebr \u00c7\u00ebshtjet e Jashtme, Fedrica Mogherini, gjat\u00eb prezantimit t\u00eb Paket\u00ebs s\u00eb Zgjerimit n\u00eb Komisionin e Jasht\u00ebm t\u00eb Parlamentit Europian sot,\u00a0ve\u00e7oi n\u00eb\u00a0fjal\u00ebn e saj faktin se \u201cShqip\u00ebria ka nj\u00eb mb\u00ebshtetje t\u00eb fort\u00eb nga populli p\u00ebr an\u00ebtar\u00ebsim n\u00eb BE\u201d duke shtuar n\u00eb fund se\u00a0Maqedonia e Veriut dhe Shqip\u00ebria i kryen detyrat e tyre dhe\u00a0\u201ctopi\u201d tani \u00ebsht\u00eb n\u00eb an\u00ebn e BE-s\u00eb.<\/p>\n<p>\u201cBE ka investuar jasht\u00ebzakonisht shum\u00eb n\u00eb t\u00eb gjith\u00eb Ballkanin Per\u00ebndimor, &#8211; tha Mogherini, &#8211; disa samite dhe angazhime t\u00eb nivelit t\u00eb lart\u00eb dhe kemi d\u00ebshmuar disa arritje surprizuese, si n\u00eb Maqedonin\u00eb e Veriut dhe Shqip\u00ebri, si marr\u00ebveshja historike Presp\u00ebs me Greqin\u00eb, ajo q\u00eb \u00ebsht\u00eb b\u00ebr\u00eb edhe me Bullgarin\u00eb.<\/p>\n<p>N\u00eb Shqip\u00ebri duhet t\u00eb theksoj reform\u00ebn ambicioze t\u00eb Drejt\u00ebsi\u00eb q\u00eb ka vazhduar me vler\u00ebsimin e performanc\u00ebs s\u00eb gjykat\u00ebsve dhe prokuror\u00ebve. Shqip\u00ebria ka nj\u00eb mb\u00ebshtetje t\u00eb fort\u00eb nga populli p\u00ebr an\u00ebtar\u00ebsim n\u00eb BE. K\u00ebt\u00eb vit rekomandimi bazohet n\u00eb vler\u00ebsime t\u00eb q\u00ebndrueshme. Maqedonia e Veriut dhe Shqip\u00ebria e kan\u00eb b\u00ebr\u00eb pun\u00ebn e tyre dhe tani \u201ctopi\u201d \u00ebsht\u00eb n\u00eb an\u00ebn e BE.<\/p>\n<p>&nbsp;<\/p>\n","protected":false},"excerpt":{"rendered":"<p>P\u00ebrfaq\u00ebsuesja e Lart\u00eb e BE p\u00ebr \u00c7\u00ebshtjet e Jashtme, Fedrica Mogherini, gjat\u00eb prezantimit t\u00eb Paket\u00ebs s\u00eb Zgjerimit n\u00eb Komisionin e Jasht\u00ebm t\u00eb Parlamentit Europian sot,\u00a0ve\u00e7oi n\u00eb\u00a0fjal\u00ebn e saj faktin se \u201cShqip\u00ebria ka nj\u00eb mb\u00ebshtetje t\u00eb fort\u00eb nga populli p\u00ebr an\u00ebtar\u00ebsim n\u00eb BE\u201d duke shtuar n\u00eb fund se\u00a0Maqedonia e Veriut dhe Shqip\u00ebria i kryen detyrat e [&hellip;]<\/p>\n","protected":false},"author":2013,"featured_media":51888,"comment_status":"open","ping_status":"closed","sticky":false,"template":"","format":"standard","meta":{"footnotes":""},"categories":[241,235],"tags":[],"class_list":{"0":"post-86465","1":"post","2":"type-post","3":"status-publish","4":"format-standard","5":"has-post-thumbnail","7":"category-aktualitet","8":"category-vendi"},"_links":{"self":[{"href":"https:\/\/zjarr.tv\/sq\/wp-json\/wp\/v2\/posts\/86465","targetHints":{"allow":["GET"]}}],"collection":[{"href":"https:\/\/zjarr.tv\/sq\/wp-json\/wp\/v2\/posts"}],"about":[{"href":"https:\/\/zjarr.tv\/sq\/wp-json\/wp\/v2\/types\/post"}],"author":[{"embeddable":true,"href":"https:\/\/zjarr.tv\/sq\/wp-json\/wp\/v2\/users\/2013"}],"replies":[{"embeddable":true,"href":"https:\/\/zjarr.tv\/sq\/wp-json\/wp\/v2\/comments?post=86465"}],"version-history":[{"count":0,"href":"https:\/\/zjarr.tv\/sq\/wp-json\/wp\/v2\/posts\/86465\/revisions"}],"wp:featuredmedia":[{"embeddable":true,"href":"https:\/\/zjarr.tv\/sq\/wp-json\/wp\/v2\/media\/51888"}],"wp:attachment":[{"href":"https:\/\/zjarr.tv\/sq\/wp-json\/wp\/v2\/media?parent=86465"}],"wp:term":[{"taxonomy":"category","embeddable":true,"href":"https:\/\/zjarr.tv\/sq\/wp-json\/wp\/v2\/categories?post=86465"},{"taxonomy":"post_tag","embeddable":true,"href":"https:\/\/zjarr.tv\/sq\/wp-json\/wp\/v2\/tags?post=86465"}],"curies":[{"name":"wp","href":"https:\/\/api.w.org\/{rel}","templated":true}]}}