{"id":86467,"date":"2019-05-29T13:43:10","date_gmt":"2019-05-29T11:43:10","guid":{"rendered":"https:\/\/zjarr.tv\/?p=86467"},"modified":"2019-05-29T13:43:10","modified_gmt":"2019-05-29T11:43:10","slug":"rekomandim-pozitiv-per-shqiperine-balla-falenderon-eurodeputetet","status":"publish","type":"post","link":"https:\/\/zjarr.tv\/sq\/rekomandim-pozitiv-per-shqiperine-balla-falenderon-eurodeputetet\/","title":{"rendered":"Rekomandim pozitiv p\u00ebr Shqip\u00ebrin\u00eb, Balla fal\u00ebnderon eurodeputet\u00ebt"},"content":{"rendered":"<p>Kryetari i Grupit Parlamentar t\u00eb Partis\u00eb Socialiste Taulant Balla ka reaguar n\u00eb \u201cTwitter\u201d pasi eurokomisioneri p\u00ebr Zgjerim P\u00ebr Ballkanin Per\u00ebndimor Johanes Hahn tha se Komisioni Europian rekomandon hapje t\u00eb negociatave me Shqip\u00ebrin\u00eb dhe Maqedonin\u00eb Veriore.<\/p>\n<p>Balla ka fal\u00ebnderuar t\u00eb gjith\u00eb eurodeputet\u00ebt.<\/p>\n<p>\u201cJu faleminderit Parlamenti Europian, Komisioni i Parlamentit Evropian p\u00ebr Pun\u00eb t\u00eb Jashtme, Johanes Hahn, Davic McAllister, Knut Fleckenstein, Eduard Kukan, Cristian Preda, Kati Piri, \u00a0Ivo Vajgl, Dr Charles Tannock dhe koleg\u00eb t\u00eb tjer\u00eb t\u00eb PE p\u00ebr rekomandimin e qart\u00eb p\u00ebr t\u00eb nisur negociatat me Shqip\u00ebrin\u00eb dhe Maqedonin\u00eb e Veriut\u201d, shkruan Balla.<\/p>\n","protected":false},"excerpt":{"rendered":"<p>Kryetari i Grupit Parlamentar t\u00eb Partis\u00eb Socialiste Taulant Balla ka reaguar n\u00eb \u201cTwitter\u201d pasi eurokomisioneri p\u00ebr Zgjerim P\u00ebr Ballkanin Per\u00ebndimor Johanes Hahn tha se Komisioni Europian rekomandon hapje t\u00eb negociatave me Shqip\u00ebrin\u00eb dhe Maqedonin\u00eb Veriore. Balla ka fal\u00ebnderuar t\u00eb gjith\u00eb eurodeputet\u00ebt. \u201cJu faleminderit Parlamenti Europian, Komisioni i Parlamentit Evropian p\u00ebr Pun\u00eb t\u00eb Jashtme, Johanes Hahn, [&hellip;]<\/p>\n","protected":false},"author":2013,"featured_media":59335,"comment_status":"open","ping_status":"closed","sticky":false,"template":"","format":"standard","meta":{"footnotes":""},"categories":[241,235],"tags":[],"class_list":{"0":"post-86467","1":"post","2":"type-post","3":"status-publish","4":"format-standard","5":"has-post-thumbnail","7":"category-aktualitet","8":"category-vendi"},"_links":{"self":[{"href":"https:\/\/zjarr.tv\/sq\/wp-json\/wp\/v2\/posts\/86467","targetHints":{"allow":["GET"]}}],"collection":[{"href":"https:\/\/zjarr.tv\/sq\/wp-json\/wp\/v2\/posts"}],"about":[{"href":"https:\/\/zjarr.tv\/sq\/wp-json\/wp\/v2\/types\/post"}],"author":[{"embeddable":true,"href":"https:\/\/zjarr.tv\/sq\/wp-json\/wp\/v2\/users\/2013"}],"replies":[{"embeddable":true,"href":"https:\/\/zjarr.tv\/sq\/wp-json\/wp\/v2\/comments?post=86467"}],"version-history":[{"count":0,"href":"https:\/\/zjarr.tv\/sq\/wp-json\/wp\/v2\/posts\/86467\/revisions"}],"wp:featuredmedia":[{"embeddable":true,"href":"https:\/\/zjarr.tv\/sq\/wp-json\/wp\/v2\/media\/59335"}],"wp:attachment":[{"href":"https:\/\/zjarr.tv\/sq\/wp-json\/wp\/v2\/media?parent=86467"}],"wp:term":[{"taxonomy":"category","embeddable":true,"href":"https:\/\/zjarr.tv\/sq\/wp-json\/wp\/v2\/categories?post=86467"},{"taxonomy":"post_tag","embeddable":true,"href":"https:\/\/zjarr.tv\/sq\/wp-json\/wp\/v2\/tags?post=86467"}],"curies":[{"name":"wp","href":"https:\/\/api.w.org\/{rel}","templated":true}]}}