{"id":86471,"date":"2019-05-29T13:50:10","date_gmt":"2019-05-29T11:50:10","guid":{"rendered":"https:\/\/zjarr.tv\/?p=86471"},"modified":"2019-05-29T13:50:10","modified_gmt":"2019-05-29T11:50:10","slug":"hahn-keshilli-europian-te-marre-vendimet-e-duhura-dhe-shpejt","status":"publish","type":"post","link":"https:\/\/zjarr.tv\/sq\/hahn-keshilli-europian-te-marre-vendimet-e-duhura-dhe-shpejt\/","title":{"rendered":"Hahn: K\u00ebshilli Europian t\u00eb marr\u00eb vendimet e duhura dhe shpejt"},"content":{"rendered":"<p>N\u00eb konferenc\u00ebn e p\u00ebrbashk\u00ebt p\u00ebr gazetar\u00ebt me Mogherinin, komisioneri p\u00ebr zgjerimin Johannes Hahn nuk e fshehu g\u00ebzimin q\u00eb p\u00ebr her\u00eb t\u00eb par\u00eb nuk pat\u00ebn rrjedhje t\u00eb raport-progreseve t\u00eb \u00a0Komisionit Europian p\u00ebr zgjerimin.<\/p>\n<p>Hahn vuri theksin te arritjet e Shqip\u00ebris\u00eb dhe Maqedonis\u00eb s\u00eb Veriut, duke ve\u00e7uar reform\u00ebn n\u00eb drejt\u00ebsi dhe marr\u00ebveshjen e Presp\u00ebs.<\/p>\n<p>Komisioneri p\u00ebr Zgjerimin k\u00ebrkoi nga K\u00ebshilli Europian t\u00eb vler\u00ebsoj\u00eb me objektivitet dhe t\u00eb marr\u00eb vendimet e duhura p\u00ebr gjetjet e Komisionit.<\/p>\n<p><em>Hahn:\u00a0Shembujt m\u00eb pozitiv vin\u00eb nga Maqedonia e Veriut dhe Shqip\u00ebria, e kan\u00eb p\u00ebrqafuar k\u00ebt\u00eb er\u00eb t\u00eb re ndryshimesh. Kan\u00eb treguar rezultate sidomos n\u00eb ato fusha q\u00eb n\u00eb m\u00ebnyr\u00eb unanime kan\u00eb qen\u00eb pjes\u00eb e p\u00ebrfundimeve t\u00eb K\u00ebshillit n\u00eb qershor 2018. Shqip\u00ebria ka vazhduar nj\u00eb transformim madhor t\u00eb sistemit t\u00eb drejt\u00ebsis\u00eb, duke pasur parasysh dhe rivler\u00ebsimin e paprecedent t\u00eb gjyqtar\u00ebve dhe prokuror\u00ebve, proces kaq i r\u00ebnd\u00ebsish\u00ebm p\u00ebr shfarosjen e korrupsionit dhe rind\u00ebrtimit t\u00eb besimit n\u00eb k\u00ebt\u00eb fush\u00eb. Kan\u00eb vazhduar p\u00ebrpjekjet e vendosura n\u00eb luft\u00ebn kund\u00ebr korrupsionit, bashk\u00ebpunimi nd\u00ebrkomb\u00ebtar ka sjell\u00eb nj\u00eb s\u00ebr\u00eb operacionesh t\u00eb zbatimit t\u00eb ligjit n\u00eb nj\u00eb shkall\u00eb t\u00eb madhe. Edhe m\u00eb shum\u00eb duhet b\u00ebr\u00eb.\u00a0<\/em><\/p>\n<p><em>Ne duhet t\u00eb njohim at\u00eb q\u00eb \u00ebsht\u00eb arritur tashm\u00eb. Maqedonia e Veriut jo vet\u00ebm ka vazhdur me reformat por edhe ka arritur marr\u00ebveshjen historike me Greqin\u00eb. Ka ende pun\u00eb p\u00ebr tu b\u00ebr\u00eb n\u00eb Ballkanin Per\u00ebndimor, gjith\u00eb rajoni duhet t\u00eb jap\u00eb rezultate t\u00eb tjera prekshme p\u00ebr \u00e7\u00ebshtje si sundimi i ligjit, lufta kund\u00ebr korrupsionit, krimit t\u00eb organizuar, funksionimi i institucioneve demokratike.\u00c7elja e negociatave nuk do t\u00eb thot\u00eb q\u00eb p\u00ebrfundojn\u00eb negociatat nes\u00ebr apo pasnes\u00ebr. Procesi i negociimit \u00ebsht\u00eb nj\u00eb proces i gjat\u00eb me vite. P\u00ebr Kroacin\u00eb, shteti m\u00eb i ri n\u00eb BE, jan\u00eb dashur plot 8 vite.\u00a0<\/em><\/p>\n<p><em>Nuk \u00ebsht\u00eb realiste t\u00eb besohet se \u00e7elja e negociatave do t\u00eb jet\u00eb m\u00eb e shkurt\u00ebr p\u00ebr vende t\u00eb tjera pavar\u00ebsisht se m\u00eb duhet t\u00eb them q\u00eb gjith\u00e7ka varet te merita. Por n\u00ebse nj\u00eb shtet e meriton nuk p\u00ebrjashtohet mund\u00ebsia q\u00eb t\u00eb ec\u00eb p\u00ebrpara m\u00eb shpejt se vendet e tjera. Duhet t\u00eb kuptojm\u00eb q\u00eb i gjith\u00eb procesi \u00ebsht\u00eb m\u00ebnyra, mekanizmi m\u00eb i mir\u00eb i mundsh\u00ebm p\u00ebr ndryshimin n\u00eb m\u00ebnyr\u00eb t\u00eb besueshme dhe t\u00eb q\u00ebndrueshme t\u00eb tranformimit t\u00eb nj\u00eb vendi p\u00ebr t\u00eb arritur standardet europiane. Dhe p\u00ebr k\u00ebt\u00eb un\u00eb mb\u00ebshtem te K\u00ebshilli Europian p\u00ebr t\u00eb pasur reagimin e duhur ndaj k\u00ebtyre gjetjeve q\u00eb ne kemi prezantuar sot p\u00ebr t\u00eb marr\u00eb vendimet e duhura sa m\u00eb shpejt t\u00eb jet\u00eb e mundur.<\/em><\/p>\n<p>&nbsp;<\/p>\n","protected":false},"excerpt":{"rendered":"<p>N\u00eb konferenc\u00ebn e p\u00ebrbashk\u00ebt p\u00ebr gazetar\u00ebt me Mogherinin, komisioneri p\u00ebr zgjerimin Johannes Hahn nuk e fshehu g\u00ebzimin q\u00eb p\u00ebr her\u00eb t\u00eb par\u00eb nuk pat\u00ebn rrjedhje t\u00eb raport-progreseve t\u00eb \u00a0Komisionit Europian p\u00ebr zgjerimin. Hahn vuri theksin te arritjet e Shqip\u00ebris\u00eb dhe Maqedonis\u00eb s\u00eb Veriut, duke ve\u00e7uar reform\u00ebn n\u00eb drejt\u00ebsi dhe marr\u00ebveshjen e Presp\u00ebs. Komisioneri p\u00ebr Zgjerimin [&hellip;]<\/p>\n","protected":false},"author":2013,"featured_media":66479,"comment_status":"open","ping_status":"closed","sticky":false,"template":"","format":"standard","meta":{"footnotes":""},"categories":[241,235],"tags":[],"class_list":{"0":"post-86471","1":"post","2":"type-post","3":"status-publish","4":"format-standard","5":"has-post-thumbnail","7":"category-aktualitet","8":"category-vendi"},"_links":{"self":[{"href":"https:\/\/zjarr.tv\/sq\/wp-json\/wp\/v2\/posts\/86471","targetHints":{"allow":["GET"]}}],"collection":[{"href":"https:\/\/zjarr.tv\/sq\/wp-json\/wp\/v2\/posts"}],"about":[{"href":"https:\/\/zjarr.tv\/sq\/wp-json\/wp\/v2\/types\/post"}],"author":[{"embeddable":true,"href":"https:\/\/zjarr.tv\/sq\/wp-json\/wp\/v2\/users\/2013"}],"replies":[{"embeddable":true,"href":"https:\/\/zjarr.tv\/sq\/wp-json\/wp\/v2\/comments?post=86471"}],"version-history":[{"count":0,"href":"https:\/\/zjarr.tv\/sq\/wp-json\/wp\/v2\/posts\/86471\/revisions"}],"wp:featuredmedia":[{"embeddable":true,"href":"https:\/\/zjarr.tv\/sq\/wp-json\/wp\/v2\/media\/66479"}],"wp:attachment":[{"href":"https:\/\/zjarr.tv\/sq\/wp-json\/wp\/v2\/media?parent=86471"}],"wp:term":[{"taxonomy":"category","embeddable":true,"href":"https:\/\/zjarr.tv\/sq\/wp-json\/wp\/v2\/categories?post=86471"},{"taxonomy":"post_tag","embeddable":true,"href":"https:\/\/zjarr.tv\/sq\/wp-json\/wp\/v2\/tags?post=86471"}],"curies":[{"name":"wp","href":"https:\/\/api.w.org\/{rel}","templated":true}]}}