{"id":86481,"date":"2019-05-29T14:07:57","date_gmt":"2019-05-29T12:07:57","guid":{"rendered":"https:\/\/zjarr.tv\/?p=86481"},"modified":"2019-05-29T14:07:57","modified_gmt":"2019-05-29T12:07:57","slug":"kardinali-mesazh-politikes-behuni-zedhenes-te-paqes-dhe-vellazerimit","status":"publish","type":"post","link":"https:\/\/zjarr.tv\/sq\/kardinali-mesazh-politikes-behuni-zedhenes-te-paqes-dhe-vellazerimit\/","title":{"rendered":"Kardinali mesazh politik\u00ebs: B\u00ebhuni z\u00ebdh\u00ebn\u00ebs t\u00eb paqes dhe v\u00ebllaz\u00ebrimit"},"content":{"rendered":"<p><em>&#8220;Duhet te jemi z\u00ebdh\u00ebn\u00ebsit e m\u00ebdhenj t\u00eb paqes dhe kultur\u00ebs v\u00ebllaz\u00ebrore&#8221;.<\/em><\/p>\n<p>Ky \u00ebsht\u00eb mesazhi i Kardinalit Ernest Troshani p\u00ebr politik\u00ebn e shoq\u00ebrin\u00eb shqiptare t\u00eb cil\u00ebn e gjen n\u00eb kriz\u00eb me rikthimin n\u00eb vend pas nj\u00eb munges\u00eb t\u00eb gjat\u00eb si pasoj\u00eb e misionit fetar n\u00eb Firence t\u00eb Italis\u00eb.<\/p>\n<p><strong>Kardinali Ernest Troshani:<\/strong><em>\u00a0&#8220;Jemi n\u00eb koh\u00ebn kur bota \u00ebsht\u00eb larg Zotit.&#8221;<\/em><\/p>\n<p>Ai u rikthye n\u00eb Shkod\u00ebr p\u00ebr t\u00eb kremtuar mesh\u00ebn e Zoj\u00ebs s\u00eb K\u00ebshillit t\u00eb mir\u00eb, n\u00eb muajin kushtuar pajtores s\u00eb Shqip\u00ebris\u00eb, ku mesazhe t\u00eb forta u d\u00ebrgoi besimtar\u00ebve.<\/p>\n<p>Sipas Kardinalit krimet e r\u00ebnda burimin e kan\u00eb tek djalli nd\u00ebrsa shtoi se jetojm\u00eb n\u00eb nj\u00eb bot\u00eb larg Zotit duke qen\u00eb se rinia g\u00ebnjehet me para dhe drog\u00eb.<\/p>\n<p>Pas mesh\u00ebs s\u00eb shenjt\u00eb dhe nj\u00eb dit\u00eb q\u00ebndrimi n\u00eb Shkod\u00ebr, Kardinali 91-vje\u00e7ar do t\u00eb rikthehet n\u00eb Itali, ku historia e tij \u00ebsht\u00eb pjese e teksteve shkollore tashm\u00eb t\u00eb klasave fillore.<\/p>\n<p>&nbsp;<\/p>\n","protected":false},"excerpt":{"rendered":"<p>&#8220;Duhet te jemi z\u00ebdh\u00ebn\u00ebsit e m\u00ebdhenj t\u00eb paqes dhe kultur\u00ebs v\u00ebllaz\u00ebrore&#8221;. Ky \u00ebsht\u00eb mesazhi i Kardinalit Ernest Troshani p\u00ebr politik\u00ebn e shoq\u00ebrin\u00eb shqiptare t\u00eb cil\u00ebn e gjen n\u00eb kriz\u00eb me rikthimin n\u00eb vend pas nj\u00eb munges\u00eb t\u00eb gjat\u00eb si pasoj\u00eb e misionit fetar n\u00eb Firence t\u00eb Italis\u00eb. Kardinali Ernest Troshani:\u00a0&#8220;Jemi n\u00eb koh\u00ebn kur bota \u00ebsht\u00eb [&hellip;]<\/p>\n","protected":false},"author":2013,"featured_media":86482,"comment_status":"open","ping_status":"closed","sticky":false,"template":"","format":"standard","meta":{"footnotes":""},"categories":[241,235],"tags":[],"class_list":{"0":"post-86481","1":"post","2":"type-post","3":"status-publish","4":"format-standard","5":"has-post-thumbnail","7":"category-aktualitet","8":"category-vendi"},"_links":{"self":[{"href":"https:\/\/zjarr.tv\/sq\/wp-json\/wp\/v2\/posts\/86481","targetHints":{"allow":["GET"]}}],"collection":[{"href":"https:\/\/zjarr.tv\/sq\/wp-json\/wp\/v2\/posts"}],"about":[{"href":"https:\/\/zjarr.tv\/sq\/wp-json\/wp\/v2\/types\/post"}],"author":[{"embeddable":true,"href":"https:\/\/zjarr.tv\/sq\/wp-json\/wp\/v2\/users\/2013"}],"replies":[{"embeddable":true,"href":"https:\/\/zjarr.tv\/sq\/wp-json\/wp\/v2\/comments?post=86481"}],"version-history":[{"count":0,"href":"https:\/\/zjarr.tv\/sq\/wp-json\/wp\/v2\/posts\/86481\/revisions"}],"wp:featuredmedia":[{"embeddable":true,"href":"https:\/\/zjarr.tv\/sq\/wp-json\/wp\/v2\/media\/86482"}],"wp:attachment":[{"href":"https:\/\/zjarr.tv\/sq\/wp-json\/wp\/v2\/media?parent=86481"}],"wp:term":[{"taxonomy":"category","embeddable":true,"href":"https:\/\/zjarr.tv\/sq\/wp-json\/wp\/v2\/categories?post=86481"},{"taxonomy":"post_tag","embeddable":true,"href":"https:\/\/zjarr.tv\/sq\/wp-json\/wp\/v2\/tags?post=86481"}],"curies":[{"name":"wp","href":"https:\/\/api.w.org\/{rel}","templated":true}]}}