{"id":86511,"date":"2019-05-29T15:39:19","date_gmt":"2019-05-29T13:39:19","guid":{"rendered":"https:\/\/zjarr.tv\/?p=86511"},"modified":"2019-05-29T15:39:19","modified_gmt":"2019-05-29T13:39:19","slug":"rekomandimi-pa-kushte-soreca-partite-te-lene-menjane-ndasite","status":"publish","type":"post","link":"https:\/\/zjarr.tv\/sq\/rekomandimi-pa-kushte-soreca-partite-te-lene-menjane-ndasite\/","title":{"rendered":"Rekomandimi pa kushte, Soreca: Partit\u00eb t\u00eb l\u00ebn\u00eb m\u00ebnjan\u00eb ndasit\u00eb"},"content":{"rendered":"<p>Kryeministri Edi Rama dhe Ambasadori i BE-se, Luigi Soreca ndodhen n\u00eb konferenc\u00eb p\u00ebr median.<\/p>\n<p><strong>Edi Rama:<\/strong><em>\u00a0&#8220;Ne do t\u00eb b\u00ebjm\u00eb gjith\u00e7ka q\u00eb t\u00eb influencojm\u00eb gjykimin politik te vendeve te BE-se&#8221;<\/em><\/p>\n<p><strong>Soreca apel: Lini menjane ndasite, angazhohuni n\u00eb dialog<\/strong><\/p>\n<p><strong>Soreca:\u00a0<\/strong><em>&#8220;\u00c7elja e negociatave p\u00ebrfaq\u00ebson fundin e fillimit dhe jo fillimin e fundit&#8230; Nevoja p\u00ebr konsensus komb\u00ebtar p\u00ebr t\u00eb tejkaluar politizimin &#8230; \u00a0T\u00eb gjith\u00eb partit\u00eb duhet t\u00eb jen\u00eb t\u00eb bashkuara sa i takon integrimit europian dhe t\u00eb l\u00ebn\u00eb m\u00ebnjan\u00eb ndasit\u00eb. Thirrje t\u00eb gjitha prative t\u00eb angazhohen n\u00eb dialog. Tre jav\u00ebt do t\u00eb jen\u00eb ky\u00e7e&#8230; Inkurajojm\u00eb t\u00eb kontribuojn\u00eb duke komunikuar .. q\u00eb t\u00eb kontribuon&#8221;<\/em><\/p>\n<p><strong>Rama: Rekomandimi pa kushte, konfirmim q\u00eb Shqip\u00ebria b\u00ebri detyrat<\/strong><\/p>\n<p>Kryeministri Edi Rama ka reaguar n\u00eb Twitter pasi Komisioni Europian rekomandoi hapjen e negociatave pa kushte p\u00ebr Shqip\u00ebrin\u00eb.<\/p>\n<p>Rama tha se kjo konfirmon se Shqip\u00ebria i ka kryer me sukses detyrat e sht\u00ebpis\u00eb n\u00eb k\u00ebt\u00eb proces.<\/p>\n<p>Nd\u00ebrsa do mbaj\u00eb nj\u00eb komunikim t\u00eb p\u00ebrbashk\u00ebt publik me ambasadorin e BE, Luigi Soreca n\u00eb or\u00ebn 15:00.<\/p>\n<p><strong>Edi Rama:<\/strong>\u00a0<em>Rekomandimi pozitiv pa kushte i Komisionit Europian p\u00ebr \u00e7eljen zyrtare t\u00eb negociatave p\u00ebr an\u00ebtar\u00ebsim t\u00eb Shqip\u00ebris\u00eb me Bashkimin Europian, konfirmon se Shqip\u00ebria i ka kryer me sukses detyrat e sht\u00ebpis\u00eb n\u00eb k\u00ebt\u00eb proces.<\/em><\/p>\n<p><em>N\u00eb 15.00 komunikim i p\u00ebrbashk\u00ebt publik me ambasadorin e BE.<\/em><\/p>\n<p>Konferenca do zhvillohet n\u00eb Sall\u00ebn e Hartave.<\/p>\n<p>&nbsp;<\/p>\n","protected":false},"excerpt":{"rendered":"<p>Kryeministri Edi Rama dhe Ambasadori i BE-se, Luigi Soreca ndodhen n\u00eb konferenc\u00eb p\u00ebr median. Edi Rama:\u00a0&#8220;Ne do t\u00eb b\u00ebjm\u00eb gjith\u00e7ka q\u00eb t\u00eb influencojm\u00eb gjykimin politik te vendeve te BE-se&#8221; Soreca apel: Lini menjane ndasite, angazhohuni n\u00eb dialog Soreca:\u00a0&#8220;\u00c7elja e negociatave p\u00ebrfaq\u00ebson fundin e fillimit dhe jo fillimin e fundit&#8230; Nevoja p\u00ebr konsensus komb\u00ebtar p\u00ebr t\u00eb [&hellip;]<\/p>\n","protected":false},"author":2013,"featured_media":86512,"comment_status":"open","ping_status":"closed","sticky":false,"template":"","format":"standard","meta":{"footnotes":""},"categories":[241,235],"tags":[],"class_list":{"0":"post-86511","1":"post","2":"type-post","3":"status-publish","4":"format-standard","5":"has-post-thumbnail","7":"category-aktualitet","8":"category-vendi"},"_links":{"self":[{"href":"https:\/\/zjarr.tv\/sq\/wp-json\/wp\/v2\/posts\/86511","targetHints":{"allow":["GET"]}}],"collection":[{"href":"https:\/\/zjarr.tv\/sq\/wp-json\/wp\/v2\/posts"}],"about":[{"href":"https:\/\/zjarr.tv\/sq\/wp-json\/wp\/v2\/types\/post"}],"author":[{"embeddable":true,"href":"https:\/\/zjarr.tv\/sq\/wp-json\/wp\/v2\/users\/2013"}],"replies":[{"embeddable":true,"href":"https:\/\/zjarr.tv\/sq\/wp-json\/wp\/v2\/comments?post=86511"}],"version-history":[{"count":0,"href":"https:\/\/zjarr.tv\/sq\/wp-json\/wp\/v2\/posts\/86511\/revisions"}],"wp:featuredmedia":[{"embeddable":true,"href":"https:\/\/zjarr.tv\/sq\/wp-json\/wp\/v2\/media\/86512"}],"wp:attachment":[{"href":"https:\/\/zjarr.tv\/sq\/wp-json\/wp\/v2\/media?parent=86511"}],"wp:term":[{"taxonomy":"category","embeddable":true,"href":"https:\/\/zjarr.tv\/sq\/wp-json\/wp\/v2\/categories?post=86511"},{"taxonomy":"post_tag","embeddable":true,"href":"https:\/\/zjarr.tv\/sq\/wp-json\/wp\/v2\/tags?post=86511"}],"curies":[{"name":"wp","href":"https:\/\/api.w.org\/{rel}","templated":true}]}}