{"id":86520,"date":"2019-05-29T16:14:20","date_gmt":"2019-05-29T14:14:20","guid":{"rendered":"https:\/\/zjarr.tv\/?p=86520"},"modified":"2019-05-29T16:14:20","modified_gmt":"2019-05-29T14:14:20","slug":"rishpallet-ne-kerkim-anetari-i-grupit-habilaj-u-arratis-nga-arresti-shtepiak","status":"publish","type":"post","link":"https:\/\/zjarr.tv\/sq\/rishpallet-ne-kerkim-anetari-i-grupit-habilaj-u-arratis-nga-arresti-shtepiak\/","title":{"rendered":"Rishpallet n\u00eb k\u00ebrkim an\u00ebtari i grupit &#8220;Habilaj&#8221;, u arratis nga arresti sht\u00ebpiak"},"content":{"rendered":"<p><em>Nj\u00eb nga an\u00ebtar\u00ebt e grupit Habilaj \u00ebsht\u00eb rishpallur n\u00eb k\u00ebrkim pasi \u00ebsht\u00eb arratisur nga drejt\u00ebsia italiane. Gjykata e Krimeve t\u00eb R\u00ebnda i kishte d\u00ebrguar let\u00ebrporosi p\u00ebr ta njoftuar p\u00ebr gjyqin n\u00eb Tiran\u00eb, por shtetasi Sabaudin \u00c7ela nuk \u00ebsht\u00eb gjetur n\u00eb banes\u00eb. Edhe financieri i grupit Nezar Seiti nuk \u00ebsht\u00eb njoftuar me an\u00eb t\u00eb let\u00ebrporosis\u00eb pasi ndodhet n\u00eb &#8220;arrest sht\u00ebpie&#8221; dhe s\u00eb fundmi ka nd\u00ebrruar adres\u00eb. D\u00ebshtimi i let\u00ebrporosive u b\u00eb shkak p\u00ebr shtyrjen e gjyqit n\u00eb Tiran\u00eb.<\/em><\/p>\n<p>Nj\u00eb nga an\u00ebtar\u00ebt e grupit t\u00eb Habilajve \u00ebsht\u00eb rishpallur n\u00eb k\u00ebrkim pasi ka thyer mas\u00ebn e siguris\u00eb t\u00eb dh\u00ebn\u00eb nga gjykata e Katanias n\u00eb Itali.<\/p>\n<p>Sabahudin \u00c7ela nuk \u00ebsht\u00eb gjetur n\u00eb &#8220;arrest sht\u00ebpiak&#8221; ku mbahej me byzylyk elektronik dhe p\u00ebr pasoj\u00eb policia e ka shpallur tashm\u00eb n\u00eb k\u00ebrkim nd\u00ebrkomb\u00ebtar.<\/p>\n<p>Gjykata e Krimeve t\u00eb R\u00ebnda i ka d\u00ebrguar let\u00ebrporosi p\u00ebr ta njoftuar p\u00ebr seanc\u00ebn, por njoftimi i tij ka qen\u00eb i pamundur pasi i pandehuri nuk \u00ebsht\u00eb gjetur ne adres\u00eb.<\/p>\n<p>Nj\u00eb problem i ngjash\u00ebm me mos mb\u00ebrritjen e let\u00ebr porosis\u00eb nga Gjykata e Krimeve t\u00eb R\u00ebnda \u00ebsht\u00eb konstatuar edhe p\u00ebr Nezar Seitin, i ashtuquajtur financieri i Habilajve. Sipas gjykat\u00ebs, Seitit nuk i ka mb\u00ebrritur njoftimi pasi ndodhet n\u00eb &#8220;arrest sht\u00ebpie&#8221; dhe s\u00eb fundmi ai ka nd\u00ebrruar banes\u00ebn.<\/p>\n<p>D\u00ebshtimi i dy let\u00ebr porosive u b\u00eb shkak p\u00ebr shtyrjen p\u00ebr her\u00eb t\u00eb kat\u00ebrt t\u00eb gjyqit p\u00ebr grupin e Habiljave n\u00eb Gjykat\u00ebn e Krimeve t\u00eb R\u00ebnda, ku seanca e radh\u00ebs u caktua me dat\u00eb 11 qershor.<\/p>\n<p>I vetmi an\u00ebtar i grupit q\u00eb po gjykohet n\u00eb Shqip\u00ebri, \u00ebsht\u00eb Armando Ko\u00e7erri , i cili gjat\u00eb seanc\u00ebs gjyq\u00ebsore ka k\u00ebrkuar mos lejimin e kamerave n\u00eb seanc\u00eb p\u00ebr shkak t\u00eb problemeve q\u00eb kan\u00eb shfaqur familjar\u00ebt e tij n\u00eb Vlor\u00eb.<\/p>\n<p>Sipas Ko\u00e7errit, f\u00ebmij\u00ebt kan\u00eb shfaqur probleme psikologjike, nd\u00ebrsa gjykata u shpreh se n\u00eb seancat e ardhshme do t\u00eb merret vendimi p\u00ebr k\u00ebt\u00eb k\u00ebrkes\u00eb.<\/p>\n<p>Gjykata e Katanias n\u00eb Itali po gjykon an\u00ebtar\u00ebt e grupit Moisi Habilaj, Florian Habilaj, Armando Sulaj, Meridian Sulaj, Nezar Seitaj, Fatmir Minaj, Trigrens M\u00ebzyrajm dhe Sabuadin \u00c7elaj.<\/p>\n<p>Prokurori Antonio Bonono k\u00ebrkoi d\u00ebnimin m\u00eb t\u00eb lart\u00eb p\u00ebr Moisi Habilaj me 18 vite e 8 muaj burg, 12 vite e 4 muaj p\u00ebr Meridian Sulaj, 6 vite p\u00ebr Nezar Seitaj dhe pezullimin e gjykimit n\u00eb gjendje t\u00eb lir\u00eb p\u00ebr Fatmir Minaj.<\/p>\n<p>&nbsp;<\/p>\n","protected":false},"excerpt":{"rendered":"<p>Nj\u00eb nga an\u00ebtar\u00ebt e grupit Habilaj \u00ebsht\u00eb rishpallur n\u00eb k\u00ebrkim pasi \u00ebsht\u00eb arratisur nga drejt\u00ebsia italiane. Gjykata e Krimeve t\u00eb R\u00ebnda i kishte d\u00ebrguar let\u00ebrporosi p\u00ebr ta njoftuar p\u00ebr gjyqin n\u00eb Tiran\u00eb, por shtetasi Sabaudin \u00c7ela nuk \u00ebsht\u00eb gjetur n\u00eb banes\u00eb. Edhe financieri i grupit Nezar Seiti nuk \u00ebsht\u00eb njoftuar me an\u00eb t\u00eb let\u00ebrporosis\u00eb pasi [&hellip;]<\/p>\n","protected":false},"author":2013,"featured_media":86521,"comment_status":"open","ping_status":"closed","sticky":false,"template":"","format":"standard","meta":{"footnotes":""},"categories":[241,235],"tags":[],"class_list":{"0":"post-86520","1":"post","2":"type-post","3":"status-publish","4":"format-standard","5":"has-post-thumbnail","7":"category-aktualitet","8":"category-vendi"},"_links":{"self":[{"href":"https:\/\/zjarr.tv\/sq\/wp-json\/wp\/v2\/posts\/86520","targetHints":{"allow":["GET"]}}],"collection":[{"href":"https:\/\/zjarr.tv\/sq\/wp-json\/wp\/v2\/posts"}],"about":[{"href":"https:\/\/zjarr.tv\/sq\/wp-json\/wp\/v2\/types\/post"}],"author":[{"embeddable":true,"href":"https:\/\/zjarr.tv\/sq\/wp-json\/wp\/v2\/users\/2013"}],"replies":[{"embeddable":true,"href":"https:\/\/zjarr.tv\/sq\/wp-json\/wp\/v2\/comments?post=86520"}],"version-history":[{"count":0,"href":"https:\/\/zjarr.tv\/sq\/wp-json\/wp\/v2\/posts\/86520\/revisions"}],"wp:featuredmedia":[{"embeddable":true,"href":"https:\/\/zjarr.tv\/sq\/wp-json\/wp\/v2\/media\/86521"}],"wp:attachment":[{"href":"https:\/\/zjarr.tv\/sq\/wp-json\/wp\/v2\/media?parent=86520"}],"wp:term":[{"taxonomy":"category","embeddable":true,"href":"https:\/\/zjarr.tv\/sq\/wp-json\/wp\/v2\/categories?post=86520"},{"taxonomy":"post_tag","embeddable":true,"href":"https:\/\/zjarr.tv\/sq\/wp-json\/wp\/v2\/tags?post=86520"}],"curies":[{"name":"wp","href":"https:\/\/api.w.org\/{rel}","templated":true}]}}