{"id":86523,"date":"2019-05-29T16:17:37","date_gmt":"2019-05-29T14:17:37","guid":{"rendered":"https:\/\/zjarr.tv\/?p=86523"},"modified":"2019-05-29T16:17:37","modified_gmt":"2019-05-29T14:17:37","slug":"rama-i-pergjigjet-metes-nuk-kemi-date-per-te-negociuar","status":"publish","type":"post","link":"https:\/\/zjarr.tv\/sq\/rama-i-pergjigjet-metes-nuk-kemi-date-per-te-negociuar\/","title":{"rendered":"Rama i p\u00ebrgjigjet Met\u00ebs: Nuk kemi dat\u00eb p\u00ebr t\u00eb negociuar"},"content":{"rendered":"<p>Kryeministri Edi Rama deklaron:\u00a0<em>&#8220;Ne nuk kemi dat\u00eb p\u00ebr t\u00eb negociuar dhe nuk kemi kushtetut\u00eb p\u00ebr t\u00eb anashkaluar.&#8221;<\/em><\/p>\n<p>Kjo ishte reagim si p\u00ebrgjigje ndaj deklarat\u00ebs s\u00eb presidentit Meta b\u00ebr\u00eb pak dit\u00eb m\u00eb par\u00eb se ishte gati p\u00ebr t\u00eb rishikuar dekretin p\u00ebr dat\u00ebn e zgjedhjeve.<\/p>\n<p><strong>Gazetarja:\u00a0<\/strong><em>Duke qen\u00eb se that\u00eb se K\u00ebshilli do t\u00eb marr\u00eb nj\u00eb vendim politik dhe besoj q\u00eb p\u00ebr t\u00eb marr\u00eb k\u00ebt\u00eb vendim do t&#8217;i referohet edhe situat\u00ebs politike n\u00eb Shqip\u00ebri. Duke qen\u00eb se ju that\u00eb se nuk flisni n\u00eb gjuh\u00eb t\u00eb huaj p\u00ebr opozit\u00ebn, un\u00eb po ju pyes p\u00ebr Presidentin Ilir Meta. Ai \u00ebsht\u00eb shprehur si gatshm\u00eb p\u00ebr t\u00eb nbd\u00ebrruar dat\u00ebn e zgjedhjeve. A do ta shfryt\u00ebzoni ju k\u00ebt\u00eb mund\u00ebsi q\u00eb ju jep Presidenti i Republik\u00ebs? Duke patur parasysh q\u00eb dje mungoi letra juaj p\u00ebr Lulzim Bash\u00ebn. A po k\u00ebrkoni rrug\u00eb t\u00eb reja p\u00ebr t\u00eb komunikuar me opozit\u00ebn? Mund t\u00eb ishte ky propozim i presidentit nj\u00eb nga rrug\u00ebt?<\/em><\/p>\n<p><strong>Rama:<\/strong>\u00a0<em>Besoj q\u00eb nuk e lexoj gabim raportin e progresit n\u00ebse them se si\u00e7 ka nj\u00eb s\u00ebr\u00eb detyrash q\u00eb mund t\u00eb nxirren, ka edhe nj\u00eb detyr\u00eb q\u00eb duhet nxjerr\u00eb nga opozita. K\u00ebt\u00eb jua l\u00eb ju ta komentoni bazuar n\u00eb \u00e7far\u00eb \u00ebsht\u00eb shkruar n\u00eb raport. Presidenti n\u00eb k\u00ebndv\u00ebshtrimin tim ka shprehur nj\u00eb gatishm\u00ebri p\u00ebr tu v\u00ebn\u00eb n\u00eb dispozicion t\u00eb nj\u00eb zgjidhje me p\u00eblqimin e partive politike, sepse k\u00ebshtu e p\u00ebrcakton dhe Kushtetuta. PS nuk ka asnj\u00eb p\u00eblqim lidhur me asnj\u00eb diskutim p\u00ebr shtyrjen e dat\u00ebs s\u00eb zgjedhjeve. Kjo ka lidhje me q\u00ebndrimin ton\u00eb t\u00eb prer\u00eb. Duhet t\u00eb fitoj\u00eb Shqip\u00ebria institucionale dhe kushtetuese, q\u00eb nuk mund ti n\u00ebnshtrohet axhendave partiake. N\u00eb k\u00ebt\u00eb aspekt n\u00eb rasport me Presidnetin q\u00ebndroj se \u201ci duhet dh\u00ebn\u00eb \u00c7ezarit ajo q\u00eb i takon \u00c7ezarit\u201d. Presidenti nuk e keqkupton reagimin n\u00eb raport me k\u00ebt\u00eb pyetje. Ne nuk kemi dat\u00eb p\u00ebr t\u00eb negociuar dhe Kushtetuet\u00eb p\u00ebr t\u00eb anashkaluar.<\/em><\/p>\n<p><strong>Kryeministri foli dhe per letrat : Nuk ka 6 pa 7\u00a0<\/strong><\/p>\n<p><em>&#8220;Letrat thon\u00eb nuk ka 6 pa 7. Nuk e di, por mbase do t\u00eb ket\u00eb edhe nj\u00eb t\u00eb 7. Por n\u00eb 6 letrat q\u00eb kan\u00eb qen\u00eb 6 ftesa t\u00eb p\u00ebrdit\u00ebshme un\u00eb jam p\u00ebrpjekur t\u00eb b\u00ebj\u00eb me t\u00eb mir\u00ebn. Sa ja kam arritur nuk e di. Pak, por e sigurt\u00eb \u00ebsht\u00eb q\u00eb n\u00eb 1 qershor PS do t\u00eb filloj\u00eb fushat\u00ebn p\u00ebr zgjedhjet e ardhshm\u00eb vendore t\u00eb dat\u00ebs 30. Nuk b\u00ebhet fjal\u00eb se kush do t\u00eb jet\u00eb kryetari i ri i Bashkis\u00eb, por p\u00ebr Shqip\u00ebrin\u00eb e gjenerat\u00ebs tjet\u00ebr.&#8221;<\/em><\/p>\n<p><strong>Rama: Elementi i panjohur i Shqip\u00ebris\u00eb \u00ebsht\u00eb opozita rrugore\u00a0<\/strong><\/p>\n<p><strong>Rama:<\/strong>\u00a0<em>N\u00ebse opozita rrugore do t\u00eb ndalonte dhe do ti jepte nj\u00eb shans Shqip\u00ebris\u00eb, jo qeveris\u00eb, 100% Shqip\u00ebria do t\u00eb hapte negociatat. I vetmi element i panjohur n\u00eb k\u00ebt\u00eb ekuacion \u00ebsht\u00eb opozita rrugore e Shqip\u00ebris\u00eb<\/em>.<\/p>\n<p>&nbsp;<\/p>\n","protected":false},"excerpt":{"rendered":"<p>Kryeministri Edi Rama deklaron:\u00a0&#8220;Ne nuk kemi dat\u00eb p\u00ebr t\u00eb negociuar dhe nuk kemi kushtetut\u00eb p\u00ebr t\u00eb anashkaluar.&#8221; Kjo ishte reagim si p\u00ebrgjigje ndaj deklarat\u00ebs s\u00eb presidentit Meta b\u00ebr\u00eb pak dit\u00eb m\u00eb par\u00eb se ishte gati p\u00ebr t\u00eb rishikuar dekretin p\u00ebr dat\u00ebn e zgjedhjeve. Gazetarja:\u00a0Duke qen\u00eb se that\u00eb se K\u00ebshilli do t\u00eb marr\u00eb nj\u00eb vendim politik [&hellip;]<\/p>\n","protected":false},"author":2013,"featured_media":86524,"comment_status":"open","ping_status":"closed","sticky":false,"template":"","format":"standard","meta":{"footnotes":""},"categories":[241,235],"tags":[],"class_list":{"0":"post-86523","1":"post","2":"type-post","3":"status-publish","4":"format-standard","5":"has-post-thumbnail","7":"category-aktualitet","8":"category-vendi"},"_links":{"self":[{"href":"https:\/\/zjarr.tv\/sq\/wp-json\/wp\/v2\/posts\/86523","targetHints":{"allow":["GET"]}}],"collection":[{"href":"https:\/\/zjarr.tv\/sq\/wp-json\/wp\/v2\/posts"}],"about":[{"href":"https:\/\/zjarr.tv\/sq\/wp-json\/wp\/v2\/types\/post"}],"author":[{"embeddable":true,"href":"https:\/\/zjarr.tv\/sq\/wp-json\/wp\/v2\/users\/2013"}],"replies":[{"embeddable":true,"href":"https:\/\/zjarr.tv\/sq\/wp-json\/wp\/v2\/comments?post=86523"}],"version-history":[{"count":0,"href":"https:\/\/zjarr.tv\/sq\/wp-json\/wp\/v2\/posts\/86523\/revisions"}],"wp:featuredmedia":[{"embeddable":true,"href":"https:\/\/zjarr.tv\/sq\/wp-json\/wp\/v2\/media\/86524"}],"wp:attachment":[{"href":"https:\/\/zjarr.tv\/sq\/wp-json\/wp\/v2\/media?parent=86523"}],"wp:term":[{"taxonomy":"category","embeddable":true,"href":"https:\/\/zjarr.tv\/sq\/wp-json\/wp\/v2\/categories?post=86523"},{"taxonomy":"post_tag","embeddable":true,"href":"https:\/\/zjarr.tv\/sq\/wp-json\/wp\/v2\/tags?post=86523"}],"curies":[{"name":"wp","href":"https:\/\/api.w.org\/{rel}","templated":true}]}}