{"id":86526,"date":"2019-05-29T16:20:29","date_gmt":"2019-05-29T14:20:29","guid":{"rendered":"https:\/\/zjarr.tv\/?p=86526"},"modified":"2019-05-29T16:20:29","modified_gmt":"2019-05-29T14:20:29","slug":"itali-shqiptarit-i-sekuestrohen-110-kg-marijuane-ne-shtepi","status":"publish","type":"post","link":"https:\/\/zjarr.tv\/sq\/itali-shqiptarit-i-sekuestrohen-110-kg-marijuane-ne-shtepi\/","title":{"rendered":"Itali, shqiptarit i sekuestrohen 110 kg marijuan\u00eb n\u00eb sht\u00ebpi"},"content":{"rendered":"<p>Mbr\u00ebmjen e djeshme policia italiane e Terme Vigliatore vuri n\u00eb pranga nj\u00eb shtetas shqiptar, n\u00ebn akuz\u00ebn e trafikimit t\u00eb l\u00ebnd\u00ebve narkotike.<\/p>\n<p>Mediat fqinje b\u00ebjn\u00eb me dije se n\u00eb pranga ka r\u00ebn\u00eb shtetasi me iniciale I.J, 47 vje\u00e7.<\/p>\n<p>Policia kishte v\u00ebn\u00eb re disa l\u00ebvizje t\u00eb dyshimta t\u00eb shqiptarit dhe p\u00ebr k\u00ebt\u00eb kishte nisur ta v\u00ebzhgonte.<\/p>\n<p>Mbr\u00ebmjen e djeshme kur burri u kthye n\u00eb sht\u00ebpi policia vuri re se para se t\u00eb hynte, ai pa nj\u00ebher\u00eb zon\u00ebn p\u00ebrreth.<\/p>\n<p>Shqiptari n\u00eb m\u00ebnyr\u00eb t\u00eb p\u00ebrs\u00ebritur vazhdoi ta kontrollonte zon\u00ebn p\u00ebr rreth disa minuta, sikur t\u00eb fshihte di\u00e7ka dhe m\u00eb pas u fut n\u00eb sht\u00ebpi.<\/p>\n<p>L\u00ebvizjet e dyshimta t\u00eb 47-vje\u00e7arit e b\u00ebn\u00eb policin\u00eb q\u00eb t;i ushtronte shqiptarit nj\u00eb kontroll n\u00eb sht\u00ebpi.<\/p>\n<p>N\u00eb sht\u00ebpin\u00eb e shqiptarit policia gjeti 82 vazo qelqi t\u00eb paketuara, q\u00eb ishin t\u00eb mbushura me marijuana, pesha totale e s\u00eb cil\u00ebs shkonte n\u00eb 110 kg.<\/p>\n<p>M\u00eb pas shqiptari u arrestua dhe u shpq\u00ebrua n\u00eb komisaritat ku \u00ebsht\u00eb duke iu n\u00ebnshtruar procedurave ligjore.<\/p>\n<p>&nbsp;<\/p>\n","protected":false},"excerpt":{"rendered":"<p>Mbr\u00ebmjen e djeshme policia italiane e Terme Vigliatore vuri n\u00eb pranga nj\u00eb shtetas shqiptar, n\u00ebn akuz\u00ebn e trafikimit t\u00eb l\u00ebnd\u00ebve narkotike. Mediat fqinje b\u00ebjn\u00eb me dije se n\u00eb pranga ka r\u00ebn\u00eb shtetasi me iniciale I.J, 47 vje\u00e7. Policia kishte v\u00ebn\u00eb re disa l\u00ebvizje t\u00eb dyshimta t\u00eb shqiptarit dhe p\u00ebr k\u00ebt\u00eb kishte nisur ta v\u00ebzhgonte. Mbr\u00ebmjen [&hellip;]<\/p>\n","protected":false},"author":2013,"featured_media":86527,"comment_status":"open","ping_status":"closed","sticky":false,"template":"","format":"standard","meta":{"footnotes":""},"categories":[241,235],"tags":[],"class_list":{"0":"post-86526","1":"post","2":"type-post","3":"status-publish","4":"format-standard","5":"has-post-thumbnail","7":"category-aktualitet","8":"category-vendi"},"_links":{"self":[{"href":"https:\/\/zjarr.tv\/sq\/wp-json\/wp\/v2\/posts\/86526","targetHints":{"allow":["GET"]}}],"collection":[{"href":"https:\/\/zjarr.tv\/sq\/wp-json\/wp\/v2\/posts"}],"about":[{"href":"https:\/\/zjarr.tv\/sq\/wp-json\/wp\/v2\/types\/post"}],"author":[{"embeddable":true,"href":"https:\/\/zjarr.tv\/sq\/wp-json\/wp\/v2\/users\/2013"}],"replies":[{"embeddable":true,"href":"https:\/\/zjarr.tv\/sq\/wp-json\/wp\/v2\/comments?post=86526"}],"version-history":[{"count":0,"href":"https:\/\/zjarr.tv\/sq\/wp-json\/wp\/v2\/posts\/86526\/revisions"}],"wp:featuredmedia":[{"embeddable":true,"href":"https:\/\/zjarr.tv\/sq\/wp-json\/wp\/v2\/media\/86527"}],"wp:attachment":[{"href":"https:\/\/zjarr.tv\/sq\/wp-json\/wp\/v2\/media?parent=86526"}],"wp:term":[{"taxonomy":"category","embeddable":true,"href":"https:\/\/zjarr.tv\/sq\/wp-json\/wp\/v2\/categories?post=86526"},{"taxonomy":"post_tag","embeddable":true,"href":"https:\/\/zjarr.tv\/sq\/wp-json\/wp\/v2\/tags?post=86526"}],"curies":[{"name":"wp","href":"https:\/\/api.w.org\/{rel}","templated":true}]}}