{"id":86529,"date":"2019-05-29T16:23:32","date_gmt":"2019-05-29T14:23:32","guid":{"rendered":"https:\/\/zjarr.tv\/?p=86529"},"modified":"2019-05-29T16:23:32","modified_gmt":"2019-05-29T14:23:32","slug":"rama-ben-gati-letren-e-7-te-per-bashen-zgjedhjet-nuk-shtyhen","status":"publish","type":"post","link":"https:\/\/zjarr.tv\/sq\/rama-ben-gati-letren-e-7-te-per-bashen-zgjedhjet-nuk-shtyhen\/","title":{"rendered":"Rama \u201cb\u00ebn gati\u201d letr\u00ebn e 7-t\u00eb p\u00ebr Bash\u00ebn: Zgjedhjet nuk shtyhen"},"content":{"rendered":"<p>Nd\u00ebrsa Komisioni Europian ka dh\u00ebn\u00eb nj\u00eb rekomandim pa kushte q\u00eb Shqip\u00ebris\u00eb t\u2019i hapen negociatat me BE-n\u00eb, i madh ishte interesimi i mediave n\u00eb konferenc\u00ebn e p\u00ebrbashk\u00ebt t\u00eb kryeministrit Edi Rama me ambasadorin e BE-s\u00eb, Luigi Soreca, i cili i dor\u00ebzoi zyrtaruisht raportin Ram\u00ebs.<\/p>\n<p>Fokusi i v\u00ebmendjes t\u00eb mediave ishte kriza politike, t\u00eb cil\u00ebn kryeministri \u00ebsht\u00eb shprehur se shpreson ta zgjidh\u00eb p\u00ebrmes dialogut.<\/p>\n<p>E n\u00eb k\u00ebt\u00eb linj\u00eb ai premtoi se do t\u2019i d\u00ebrgonte nj\u00eb let\u00ebr t\u00eb 7-t\u00eb kryeopozitarit Lulzim Basha, duke th\u00ebn\u00eb se nuk do t\u00eb lodhej n\u00eb k\u00ebt\u00eb drejtim. Megjithat\u00eb, i pari i qeveris\u00eb la t\u00eb kuptohet se edhe kjo tentativ\u00eb e shtat\u00eb e tij nuk do t\u00eb ndryshonte dat\u00ebn e zgjedhjeve, t\u00eb p\u00ebrcaktuara p\u00ebr n\u00eb 30 qershor tashm\u00eb.<\/p>\n<p>\u201cP\u00ebr sa i p\u00ebrket letrave nuk ka 6 pa 7, mund t\u00eb ket\u00eb edhe nj\u00eb t\u00eb 7-t\u00eb. Sa p\u00ebr ftesat p\u00ebr t\u2019i hapur rrug\u00eb dialogut me opozit\u00ebn un\u00eb jam p\u00ebrpjekur t\u00eb b\u00ebj m\u00eb t\u00eb mir\u00ebn. Ajo q\u00eb \u00ebsht\u00eb pak por e sigurt \u00ebsht\u00eb se m\u00eb 1 qershor, PS do t\u00eb filloj\u00eb fushat\u00ebn p\u00ebr zgjedhjet vendore t\u00eb dat\u00ebs 30 por p\u00ebr nj\u00eb betej\u00eb ku jo thjesht do zgjidhet nj\u00eb kryetar bashkie, por do vendoset p\u00ebr gjenerat\u00ebn tjet\u00ebr t\u00eb vendit\u201d,- tha Rama.<\/p>\n<p>&nbsp;<\/p>\n","protected":false},"excerpt":{"rendered":"<p>Nd\u00ebrsa Komisioni Europian ka dh\u00ebn\u00eb nj\u00eb rekomandim pa kushte q\u00eb Shqip\u00ebris\u00eb t\u2019i hapen negociatat me BE-n\u00eb, i madh ishte interesimi i mediave n\u00eb konferenc\u00ebn e p\u00ebrbashk\u00ebt t\u00eb kryeministrit Edi Rama me ambasadorin e BE-s\u00eb, Luigi Soreca, i cili i dor\u00ebzoi zyrtaruisht raportin Ram\u00ebs. Fokusi i v\u00ebmendjes t\u00eb mediave ishte kriza politike, t\u00eb cil\u00ebn kryeministri \u00ebsht\u00eb [&hellip;]<\/p>\n","protected":false},"author":2013,"featured_media":49263,"comment_status":"open","ping_status":"closed","sticky":false,"template":"","format":"standard","meta":{"footnotes":""},"categories":[241,235],"tags":[],"class_list":{"0":"post-86529","1":"post","2":"type-post","3":"status-publish","4":"format-standard","5":"has-post-thumbnail","7":"category-aktualitet","8":"category-vendi"},"_links":{"self":[{"href":"https:\/\/zjarr.tv\/sq\/wp-json\/wp\/v2\/posts\/86529","targetHints":{"allow":["GET"]}}],"collection":[{"href":"https:\/\/zjarr.tv\/sq\/wp-json\/wp\/v2\/posts"}],"about":[{"href":"https:\/\/zjarr.tv\/sq\/wp-json\/wp\/v2\/types\/post"}],"author":[{"embeddable":true,"href":"https:\/\/zjarr.tv\/sq\/wp-json\/wp\/v2\/users\/2013"}],"replies":[{"embeddable":true,"href":"https:\/\/zjarr.tv\/sq\/wp-json\/wp\/v2\/comments?post=86529"}],"version-history":[{"count":0,"href":"https:\/\/zjarr.tv\/sq\/wp-json\/wp\/v2\/posts\/86529\/revisions"}],"wp:featuredmedia":[{"embeddable":true,"href":"https:\/\/zjarr.tv\/sq\/wp-json\/wp\/v2\/media\/49263"}],"wp:attachment":[{"href":"https:\/\/zjarr.tv\/sq\/wp-json\/wp\/v2\/media?parent=86529"}],"wp:term":[{"taxonomy":"category","embeddable":true,"href":"https:\/\/zjarr.tv\/sq\/wp-json\/wp\/v2\/categories?post=86529"},{"taxonomy":"post_tag","embeddable":true,"href":"https:\/\/zjarr.tv\/sq\/wp-json\/wp\/v2\/tags?post=86529"}],"curies":[{"name":"wp","href":"https:\/\/api.w.org\/{rel}","templated":true}]}}