{"id":86533,"date":"2019-05-29T16:26:28","date_gmt":"2019-05-29T14:26:28","guid":{"rendered":"https:\/\/zjarr.tv\/?p=86533"},"modified":"2019-05-29T16:26:28","modified_gmt":"2019-05-29T14:26:28","slug":"rreziku-nga-kriza-politike-tafaj-nese-vazhdon-kjo-situate-rrezik-per-lufte-civile","status":"publish","type":"post","link":"https:\/\/zjarr.tv\/sq\/rreziku-nga-kriza-politike-tafaj-nese-vazhdon-kjo-situate-rrezik-per-lufte-civile\/","title":{"rendered":"Rreziku nga kriza politike, Tafaj: N\u00ebse vazhdon kjo situat\u00eb rrezik p\u00ebr luft\u00eb civile"},"content":{"rendered":"<p>&nbsp;<\/p>\n<p><em>\u201cShoqata Tirana\u201d mblodhi n\u00eb nj\u00eb tryez\u00eb figura t\u00eb shquara t\u00eb vendit \u00a0p\u00ebr t\u00eb diskutuar p\u00ebr situat\u00ebn politike n\u00eb vend. Kryetari I shoqat\u00ebs Arben Tafaj u shpreh se tashm\u00eb \u00ebsht\u00eb koha q\u00eb njer\u00ebzit e mendjes t\u00eb ofrojn\u00eb zgjidhje p\u00ebr situat\u00ebn n\u00eb t\u00eb cil\u00ebn ndodhet Shqip\u00ebria. Sipas Tafaj vendi yn\u00eb \u00ebsht\u00eb n\u00eb prag t\u00eb nj\u00eb lufte civile.<\/em><\/p>\n<p>Personalitet t\u00eb vendit n\u00eb kultur\u00eb ekonomi dhe histori duhet t\u00eb japin nj\u00eb zgjidhje p\u00ebr situat\u00ebn politike q\u00eb ka p\u00ebrfshir\u00eb Shqip\u00ebrin\u00eb.<\/p>\n<p>Shoqata Tirana ka organizuar nj\u00eb tryez\u00eb me figura t\u00eb shquara \u00a0p\u00ebr t\u00eb ofruar zgjidhje t\u00eb q\u00ebndrueshme nj\u00eb fakt ky q\u00eb deri m\u00eb sot nuk ka funksionuar.<\/p>\n<p><strong>Arben Tafaj, Kryetar i shoqat\u00ebs Tirana<\/strong>:\u00a0<em>Dialogu b\u00ebhet n\u00eb rrug\u00eb, qeveria b\u00ebn monolog p\u00ebr sukseset e saj dhe administron vet\u00ebm rrjetet sociale dhe mediat e blera. Mjedisi komb\u00ebtar \u00ebsht\u00eb jasht\u00eb kontrollit dhe larg interesit shtet\u00ebror p\u00ebr zhvillim.<\/em><\/p>\n<p>Arben Tafaj u shpreh se n\u00ebse nj\u00eb situat\u00eb e till\u00eb vijon vendi rrezikon t\u00eb p\u00ebrfshihet n\u00eb nj\u00eb luft\u00eb civile.<\/p>\n<p><strong>Arben Tafaj, Kryetar i shoqat\u00ebs Tirana<\/strong>:\u00a0<em>Lexuar me syt\u00eb e konstitucionalistit ne jemi sot n\u00eb nj\u00eb diktatur\u00eb ekzekutive. Republika ka r\u00ebn\u00eb. Me nj\u00eb trup politike n\u00eb rrug\u00eb m\u00eb e pakta q\u00eb mund t\u00eb pritet \u00ebsht\u00eb shp\u00ebrthimi i nj\u00eb konflikti civil, me motive q\u00eb nuk kan\u00eb nevoj\u00eb p\u00ebr frym\u00ebzime t\u00eb jashtme. N\u00eb 1997 turma e bulevardit t\u00eb Vlor\u00ebs ishte me e vog\u00ebl sesa ajo e protestave n\u00eb Tiran\u00eb.<\/em><\/p>\n<p>N\u00eb p\u00ebrfundim t\u00eb k\u00ebtij aktiviteti Shioqata Tirana do t\u00eb paraqes\u00eb nj\u00eb ter\u00ebsi masash dhe nj\u00eb plan veprimi p\u00ebr zgjidhjen e kriz\u00ebs.<\/p>\n<p>&nbsp;<\/p>\n<p>&nbsp;<\/p>\n","protected":false},"excerpt":{"rendered":"<p>&nbsp; \u201cShoqata Tirana\u201d mblodhi n\u00eb nj\u00eb tryez\u00eb figura t\u00eb shquara t\u00eb vendit \u00a0p\u00ebr t\u00eb diskutuar p\u00ebr situat\u00ebn politike n\u00eb vend. Kryetari I shoqat\u00ebs Arben Tafaj u shpreh se tashm\u00eb \u00ebsht\u00eb koha q\u00eb njer\u00ebzit e mendjes t\u00eb ofrojn\u00eb zgjidhje p\u00ebr situat\u00ebn n\u00eb t\u00eb cil\u00ebn ndodhet Shqip\u00ebria. Sipas Tafaj vendi yn\u00eb \u00ebsht\u00eb n\u00eb prag t\u00eb nj\u00eb lufte [&hellip;]<\/p>\n","protected":false},"author":2013,"featured_media":86534,"comment_status":"open","ping_status":"closed","sticky":false,"template":"","format":"standard","meta":{"footnotes":""},"categories":[241,235],"tags":[],"class_list":{"0":"post-86533","1":"post","2":"type-post","3":"status-publish","4":"format-standard","5":"has-post-thumbnail","7":"category-aktualitet","8":"category-vendi"},"_links":{"self":[{"href":"https:\/\/zjarr.tv\/sq\/wp-json\/wp\/v2\/posts\/86533","targetHints":{"allow":["GET"]}}],"collection":[{"href":"https:\/\/zjarr.tv\/sq\/wp-json\/wp\/v2\/posts"}],"about":[{"href":"https:\/\/zjarr.tv\/sq\/wp-json\/wp\/v2\/types\/post"}],"author":[{"embeddable":true,"href":"https:\/\/zjarr.tv\/sq\/wp-json\/wp\/v2\/users\/2013"}],"replies":[{"embeddable":true,"href":"https:\/\/zjarr.tv\/sq\/wp-json\/wp\/v2\/comments?post=86533"}],"version-history":[{"count":0,"href":"https:\/\/zjarr.tv\/sq\/wp-json\/wp\/v2\/posts\/86533\/revisions"}],"wp:featuredmedia":[{"embeddable":true,"href":"https:\/\/zjarr.tv\/sq\/wp-json\/wp\/v2\/media\/86534"}],"wp:attachment":[{"href":"https:\/\/zjarr.tv\/sq\/wp-json\/wp\/v2\/media?parent=86533"}],"wp:term":[{"taxonomy":"category","embeddable":true,"href":"https:\/\/zjarr.tv\/sq\/wp-json\/wp\/v2\/categories?post=86533"},{"taxonomy":"post_tag","embeddable":true,"href":"https:\/\/zjarr.tv\/sq\/wp-json\/wp\/v2\/tags?post=86533"}],"curies":[{"name":"wp","href":"https:\/\/api.w.org\/{rel}","templated":true}]}}