{"id":86542,"date":"2019-05-29T19:20:31","date_gmt":"2019-05-29T17:20:31","guid":{"rendered":"https:\/\/zjarr.tv\/?p=86542"},"modified":"2019-05-29T16:36:12","modified_gmt":"2019-05-29T14:36:12","slug":"nevoja-per-mbrojtes-inter-insiston-per-elseid-hysaj","status":"publish","type":"post","link":"https:\/\/zjarr.tv\/sq\/nevoja-per-mbrojtes-inter-insiston-per-elseid-hysaj\/","title":{"rendered":"Nevoja p\u00ebr mbrojt\u00ebs, Inter insiston p\u00ebr Elseid Hysaj"},"content":{"rendered":"<p>Inter e ka seriozisht p\u00ebr Elseid Hysaj. Skuadra zikalt\u00ebr po \u00a0k\u00ebrkon frym\u00eb t\u00eb re n\u00eb repartin e prapavij\u00ebs dhe kapiteni i Shqip\u00ebris\u00eb duket se \u00ebsht\u00eb ai i duhuri.<\/p>\n<p>Madje, sipas &#8220;Radio Kiss Kiss Napoli&#8221; Inter ka nisur kontaktet me Hysaj q\u00eb t\u00eb m\u00ebsuar disponimin e 25 vje\u00e7arit p\u00ebr t\u00eb kaluar n\u00eb Milano. Ai shihet si pasuesi ideal i Sime Vrsaljko n\u00eb krahun e djatht\u00eb t\u00eb mbrojtjes. Kroati do t\u00eb kthehet te Atletico Madrid n\u00eb fund t\u00eb muajit qershor dhe Hysaj mund t\u00eb z\u00eb vendin bosh t\u00eb l\u00ebn\u00eb prej tij.<\/p>\n<p>Megjithat\u00eb, formula q\u00eb do t\u00eb transferoj\u00eb \u00a0Hysajn si zikalt\u00ebr pritet t\u00eb jet\u00eb ai i huazimit, me opsion p\u00ebr blerjen p\u00ebrfundimtare. Kjo p\u00ebr shkak q\u00eb mbrojt\u00ebsi kuqezi nuk ka b\u00ebr\u00eb nj\u00eb paraqitje dinjitoze n\u00eb muajit e fundit, duke koleksionuar vet\u00ebm 2707 minuta. Ai \u00ebsht\u00eb pjes\u00eb e Napolit q\u00eb prej vitit 2015 dhe n\u00eb k\u00ebt\u00eb sezon ka q\u00ebn\u00eb protagonist vet\u00ebm me 2 asiste.<\/p>\n<p>&nbsp;<\/p>\n","protected":false},"excerpt":{"rendered":"<p>Inter e ka seriozisht p\u00ebr Elseid Hysaj. Skuadra zikalt\u00ebr po \u00a0k\u00ebrkon frym\u00eb t\u00eb re n\u00eb repartin e prapavij\u00ebs dhe kapiteni i Shqip\u00ebris\u00eb duket se \u00ebsht\u00eb ai i duhuri. Madje, sipas &#8220;Radio Kiss Kiss Napoli&#8221; Inter ka nisur kontaktet me Hysaj q\u00eb t\u00eb m\u00ebsuar disponimin e 25 vje\u00e7arit p\u00ebr t\u00eb kaluar n\u00eb Milano. Ai shihet si [&hellip;]<\/p>\n","protected":false},"author":2013,"featured_media":83002,"comment_status":"open","ping_status":"closed","sticky":false,"template":"","format":"standard","meta":{"footnotes":""},"categories":[241,192],"tags":[],"class_list":{"0":"post-86542","1":"post","2":"type-post","3":"status-publish","4":"format-standard","5":"has-post-thumbnail","7":"category-aktualitet","8":"category-sport"},"_links":{"self":[{"href":"https:\/\/zjarr.tv\/sq\/wp-json\/wp\/v2\/posts\/86542","targetHints":{"allow":["GET"]}}],"collection":[{"href":"https:\/\/zjarr.tv\/sq\/wp-json\/wp\/v2\/posts"}],"about":[{"href":"https:\/\/zjarr.tv\/sq\/wp-json\/wp\/v2\/types\/post"}],"author":[{"embeddable":true,"href":"https:\/\/zjarr.tv\/sq\/wp-json\/wp\/v2\/users\/2013"}],"replies":[{"embeddable":true,"href":"https:\/\/zjarr.tv\/sq\/wp-json\/wp\/v2\/comments?post=86542"}],"version-history":[{"count":0,"href":"https:\/\/zjarr.tv\/sq\/wp-json\/wp\/v2\/posts\/86542\/revisions"}],"wp:featuredmedia":[{"embeddable":true,"href":"https:\/\/zjarr.tv\/sq\/wp-json\/wp\/v2\/media\/83002"}],"wp:attachment":[{"href":"https:\/\/zjarr.tv\/sq\/wp-json\/wp\/v2\/media?parent=86542"}],"wp:term":[{"taxonomy":"category","embeddable":true,"href":"https:\/\/zjarr.tv\/sq\/wp-json\/wp\/v2\/categories?post=86542"},{"taxonomy":"post_tag","embeddable":true,"href":"https:\/\/zjarr.tv\/sq\/wp-json\/wp\/v2\/tags?post=86542"}],"curies":[{"name":"wp","href":"https:\/\/api.w.org\/{rel}","templated":true}]}}