{"id":86563,"date":"2019-05-29T20:20:37","date_gmt":"2019-05-29T18:20:37","guid":{"rendered":"https:\/\/zjarr.tv\/?p=86563"},"modified":"2019-05-29T16:57:14","modified_gmt":"2019-05-29T14:57:14","slug":"takim-sekret-ne-londer-icardi-drejt-skuadres-se-re","status":"publish","type":"post","link":"https:\/\/zjarr.tv\/sq\/takim-sekret-ne-londer-icardi-drejt-skuadres-se-re\/","title":{"rendered":"Takim sekret n\u00eb Lond\u00ebr, Icardi drejt skuadr\u00ebs s\u00eb re"},"content":{"rendered":"<p>Juventusi kthehet te pista Icardi. Argjentinasi \u00ebsht\u00eb gjithmon\u00eb n\u00eb mendimet e Paratici dhe ai \u00ebsht\u00eb s\u00ebrish tani, edhe m\u00eb shum\u00eb pasi divorci mes sulmuesit dhe Interit duket i pashmangsh\u00ebm.<\/p>\n<p>Mediat torineze b\u00ebjn\u00eb me dije se menaxheri i merkatos t\u00eb Juventusit, Fabio Paratici dhe drejtori i Interit, Piero Ausilio jan\u00eb takuar n\u00eb Lond\u00ebr p\u00ebr t\u00eb diskutuar marr\u00ebveshjen e mundshme. T\u00eb dy drejtuesit ishin n\u00eb kryeqytetin anglez me rastin e gjysm\u00ebfinales s\u00eb Champions League midis Tottenham dhe Ajax p\u00ebr t\u00eb monitoruar disa lojtar\u00eb.<\/p>\n<p>Kushtet e nj\u00ebjta, t\u00eb mira ose t\u00eb k\u00ebqija, mbeten t\u00eb zakonshme nga pik\u00ebpamja ekonomike (zikalt\u00ebrit e vler\u00ebsojn\u00eb Icardi t\u00eb pakt\u00ebn 80 milion\u00eb euro, bardhezinjt\u00eb jo m\u00eb shum\u00eb se 60).<\/p>\n<p>Risi n\u00eb k\u00ebt\u00eb operacion do t\u00eb ishte p\u00ebrshirja e Paulo Dybala. Sido q\u00eb t\u00eb jet\u00eb, ka interes dhe baza p\u00ebr nj\u00eb negocim: \u00e7\u00ebshtjet teknike, ekonomike dhe personale. T\u00eb gjitha k\u00ebt\u00eb t\u00eb \u00e7ojn\u00eb n\u00eb nj\u00eb largim t\u00eb mundshme t\u00eb Icardi nga Interi, por nuk ka gjasa q\u00eb takimi n\u00eb Lond\u00ebr mund t\u00eb ket\u00eb qen\u00eb ai vendimtar.<\/p>\n<p>Arsyeja \u00ebsht\u00eb e thjesht\u00eb, sepse n\u00eb tryez\u00eb mungonte Beppe Marotta, i plotfuqishmi i merkatos s\u00eb Interit, i vetmi q\u00eb ka mb\u00ebshtetjen e delegacionit Suning p\u00ebr t\u00eb th\u00ebn\u00eb &#8220;PO&#8221; ose &#8220;JO&#8221;.<\/p>\n<p>&nbsp;<\/p>\n","protected":false},"excerpt":{"rendered":"<p>Juventusi kthehet te pista Icardi. Argjentinasi \u00ebsht\u00eb gjithmon\u00eb n\u00eb mendimet e Paratici dhe ai \u00ebsht\u00eb s\u00ebrish tani, edhe m\u00eb shum\u00eb pasi divorci mes sulmuesit dhe Interit duket i pashmangsh\u00ebm. Mediat torineze b\u00ebjn\u00eb me dije se menaxheri i merkatos t\u00eb Juventusit, Fabio Paratici dhe drejtori i Interit, Piero Ausilio jan\u00eb takuar n\u00eb Lond\u00ebr p\u00ebr t\u00eb diskutuar [&hellip;]<\/p>\n","protected":false},"author":2013,"featured_media":38201,"comment_status":"open","ping_status":"closed","sticky":false,"template":"","format":"standard","meta":{"footnotes":""},"categories":[241,192],"tags":[],"class_list":{"0":"post-86563","1":"post","2":"type-post","3":"status-publish","4":"format-standard","5":"has-post-thumbnail","7":"category-aktualitet","8":"category-sport"},"_links":{"self":[{"href":"https:\/\/zjarr.tv\/sq\/wp-json\/wp\/v2\/posts\/86563","targetHints":{"allow":["GET"]}}],"collection":[{"href":"https:\/\/zjarr.tv\/sq\/wp-json\/wp\/v2\/posts"}],"about":[{"href":"https:\/\/zjarr.tv\/sq\/wp-json\/wp\/v2\/types\/post"}],"author":[{"embeddable":true,"href":"https:\/\/zjarr.tv\/sq\/wp-json\/wp\/v2\/users\/2013"}],"replies":[{"embeddable":true,"href":"https:\/\/zjarr.tv\/sq\/wp-json\/wp\/v2\/comments?post=86563"}],"version-history":[{"count":0,"href":"https:\/\/zjarr.tv\/sq\/wp-json\/wp\/v2\/posts\/86563\/revisions"}],"wp:featuredmedia":[{"embeddable":true,"href":"https:\/\/zjarr.tv\/sq\/wp-json\/wp\/v2\/media\/38201"}],"wp:attachment":[{"href":"https:\/\/zjarr.tv\/sq\/wp-json\/wp\/v2\/media?parent=86563"}],"wp:term":[{"taxonomy":"category","embeddable":true,"href":"https:\/\/zjarr.tv\/sq\/wp-json\/wp\/v2\/categories?post=86563"},{"taxonomy":"post_tag","embeddable":true,"href":"https:\/\/zjarr.tv\/sq\/wp-json\/wp\/v2\/tags?post=86563"}],"curies":[{"name":"wp","href":"https:\/\/api.w.org\/{rel}","templated":true}]}}