{"id":86573,"date":"2019-05-29T21:00:47","date_gmt":"2019-05-29T19:00:47","guid":{"rendered":"https:\/\/zjarr.tv\/?p=86573"},"modified":"2019-05-29T17:10:49","modified_gmt":"2019-05-29T15:10:49","slug":"milan-tare-ne-postin-e-drejtorit-sportiv-zgjedh-dhe-trajnerin-e-ri","status":"publish","type":"post","link":"https:\/\/zjarr.tv\/sq\/milan-tare-ne-postin-e-drejtorit-sportiv-zgjedh-dhe-trajnerin-e-ri\/","title":{"rendered":"Milan, Tare n\u00eb postin e drejtorit sportiv, zgjedh dhe trajnerin e ri"},"content":{"rendered":"<p>Me largimin e Leonardos dhe Gattusos, Milan \u00ebsht\u00eb duke projektuar z\u00ebvend\u00ebsuesit n\u00eb stafin drejtues p\u00ebr tu fokusuar m\u00eb pas te zgjedhja e trajnerit t\u00eb ri dhe te merkato. Paolo Maldini po reflekton p\u00ebr postin e ofruar nga Gazidis, at\u00eb t\u00eb drejtorit teknik, brenda jav\u00ebs ka premtuar se do t\u00eb jap nj\u00eb p\u00ebrgjigje p\u00ebrfundimtare. N\u00eb t\u00eb nj\u00ebjt\u00ebn koh\u00eb drejtori i deleguar i klubit kuqezi duhet t\u00eb zgjedh dhe drejtorin e ri sportiv.<\/p>\n<p>Sipas mediave italiane, dy jan\u00eb emrat e par\u00eb q\u00eb qarkullojn\u00eb n\u00eb tavolin\u00ebn e Gazidis, Sven Mislintat, aktualisht drejtor sportiv te Shtutgard, m\u00eb her\u00ebt ka mbajtur t\u00eb nj\u00ebjtin post edhe tek Arsenal. Emri tjet\u00ebr q\u00eb po fiton shum\u00eb kuota k\u00ebt\u00eb periudhe \u00ebsht\u00eb dhe Igli Tare, aktualisht drejtor sportiv i Lazios.<\/p>\n<p>Tare \u00ebsht\u00eb profili q\u00eb i shkon m\u00eb shum\u00eb p\u00ebrshtat projektit t\u00eb Gazidis, p\u00ebr nj\u00eb merkato pa shum\u00eb kosto dhe me lojtar\u00eb t\u00eb rinj\u00eb. N\u00eb k\u00ebt\u00eb pik\u00eb Tare nuk ka konkurrent n\u00eb Serie A pasi dihet ajo q\u00eb ish sulmuesi i famsh\u00ebm i Komb\u00ebtares ka b\u00ebr\u00eb te Lazio. S\u00ebbashku me Taren n\u00eb Milano do t\u00eb zbarkoj automatikisht edhe Simone Inzaghi, i cili do t\u00eb pasoj Gattuson n\u00eb stolin e Milanit. Pengesa m\u00eb e madhe n\u00eb arritjen e k\u00ebsaj marr\u00ebveshje \u00ebsht\u00eb Claudio Lottito, presidenti i Lazios, i cili nuk mund t\u00eb pranoj kaq leht\u00eb t\u00eb heq dor\u00eb nga dy pjes\u00ebtar\u00eb shum\u00eb t\u00eb r\u00ebnd\u00ebsish\u00ebm t\u00eb stafit t\u00eb tij.<\/p>\n","protected":false},"excerpt":{"rendered":"<p>Me largimin e Leonardos dhe Gattusos, Milan \u00ebsht\u00eb duke projektuar z\u00ebvend\u00ebsuesit n\u00eb stafin drejtues p\u00ebr tu fokusuar m\u00eb pas te zgjedhja e trajnerit t\u00eb ri dhe te merkato. Paolo Maldini po reflekton p\u00ebr postin e ofruar nga Gazidis, at\u00eb t\u00eb drejtorit teknik, brenda jav\u00ebs ka premtuar se do t\u00eb jap nj\u00eb p\u00ebrgjigje p\u00ebrfundimtare. N\u00eb t\u00eb [&hellip;]<\/p>\n","protected":false},"author":2013,"featured_media":86574,"comment_status":"open","ping_status":"closed","sticky":false,"template":"","format":"standard","meta":{"footnotes":""},"categories":[241,192],"tags":[],"class_list":{"0":"post-86573","1":"post","2":"type-post","3":"status-publish","4":"format-standard","5":"has-post-thumbnail","7":"category-aktualitet","8":"category-sport"},"_links":{"self":[{"href":"https:\/\/zjarr.tv\/sq\/wp-json\/wp\/v2\/posts\/86573","targetHints":{"allow":["GET"]}}],"collection":[{"href":"https:\/\/zjarr.tv\/sq\/wp-json\/wp\/v2\/posts"}],"about":[{"href":"https:\/\/zjarr.tv\/sq\/wp-json\/wp\/v2\/types\/post"}],"author":[{"embeddable":true,"href":"https:\/\/zjarr.tv\/sq\/wp-json\/wp\/v2\/users\/2013"}],"replies":[{"embeddable":true,"href":"https:\/\/zjarr.tv\/sq\/wp-json\/wp\/v2\/comments?post=86573"}],"version-history":[{"count":0,"href":"https:\/\/zjarr.tv\/sq\/wp-json\/wp\/v2\/posts\/86573\/revisions"}],"wp:featuredmedia":[{"embeddable":true,"href":"https:\/\/zjarr.tv\/sq\/wp-json\/wp\/v2\/media\/86574"}],"wp:attachment":[{"href":"https:\/\/zjarr.tv\/sq\/wp-json\/wp\/v2\/media?parent=86573"}],"wp:term":[{"taxonomy":"category","embeddable":true,"href":"https:\/\/zjarr.tv\/sq\/wp-json\/wp\/v2\/categories?post=86573"},{"taxonomy":"post_tag","embeddable":true,"href":"https:\/\/zjarr.tv\/sq\/wp-json\/wp\/v2\/tags?post=86573"}],"curies":[{"name":"wp","href":"https:\/\/api.w.org\/{rel}","templated":true}]}}