{"id":86580,"date":"2019-05-29T17:15:40","date_gmt":"2019-05-29T15:15:40","guid":{"rendered":"https:\/\/zjarr.tv\/?p=86580"},"modified":"2019-05-29T17:15:40","modified_gmt":"2019-05-29T15:15:40","slug":"gjosha-hera-e-katert-vendit-i-mungon-maturia-politike","status":"publish","type":"post","link":"https:\/\/zjarr.tv\/sq\/gjosha-hera-e-katert-vendit-i-mungon-maturia-politike\/","title":{"rendered":"Gjosha: Hera e kat\u00ebrt, vendit i mungon maturia politike"},"content":{"rendered":"<p>Ish-ministrja e Integrimit, Klajda Gjosha ka komentuar Raportin e publikuar sot nga Komisioni Europian lidhur me hapjen e negociatave t\u00eb Shqip\u00ebris\u00eb me BE. P\u00ebrmes nj\u00eb postimi n\u00eb Facebook, Gjosha shkruan se kjo \u00ebsht\u00eb hera e kat\u00ebrt q\u00eb nga vitit 2016 q\u00eb happen k\u00ebto negociata, nd\u00ebrsa thekson se vendit sot i mungon maturia politike.\u201cShqip\u00ebris\u00eb sot i mungon maturia politike m\u00eb shum\u00eb se cdo aspekt tjet\u00ebr q\u00eb i nevojitet asaj p\u00ebr t\u00eb p\u00ebrmbushur k\u00ebt\u00eb detyr\u00eb historike p\u00ebr nj\u00eb Shqip\u00ebri europiane. Teknikisht debati do t\u00eb ishte shum\u00eb i gjat\u00eb dhe druaj se argumentat do t\u00eb shkonin n\u00eb favor t\u00eb cil\u00ebsdo pal\u00eb p\u00ebr t\u2019u mburrur. Rekomandimi pozitiv \u00ebsht\u00eb vet\u00ebm nj\u00eb shtys\u00eb p\u00ebr procesin, sfidat tona jan\u00eb t\u00eb pafundme dhe askush nuk duhet t\u00eb ket\u00eb koh\u00eb p\u00ebr t\u00eb humbur dhe p\u00ebr ta kthyer k\u00ebt\u00eb n\u00eb debatin e p\u00ebrhersh\u00ebm t\u00eb triumfit apo d\u00ebshtimit politik!\u201d-shkruan Gjosha.<\/p>\n<p>Postimi i plot\u00eb<\/p>\n<p>Rekomandimi pozitiv per celjen e negociatave t\u00eb Shqip\u00ebris\u00eb nuk \u00ebsht\u00eb nj\u00eb surpriz\u00eb dhe as hera e par\u00eb p\u00ebr vendin ton\u00eb. \u00cbsht\u00eb rekomandimi i kat\u00ebrt q\u00eb nga viti 2016. N\u00eb nj\u00eb analiz\u00eb t\u00eb ftoht\u00eb kjo do t\u00eb thot\u00eb:<\/p>\n<p>Qeveria nuk i kishte \u00e7elur negociatat ashtu si\u00e7 deklaroi n\u00eb delir t\u00eb plot\u00eb Qershorin e vitit 2018 dhe k\u00ebtu del qart\u00eb loja politike q\u00eb qeveria b\u00ebn me k\u00ebt\u00eb proces t\u00eb r\u00ebnd\u00ebsish\u00ebm p\u00ebr cdo qytetar\u00eb shqiptar\u00eb.<\/p>\n<p>Negociatat kan\u00eb ende nj\u00eb rrug\u00ebtim t\u00eb gjat\u00eb p\u00ebr t\u00eb marr\u00eb nj\u00eb drit\u00ebjeshile sepse gjithcka do t\u00eb varet nga provimi m\u00eb I v\u00ebshtir\u00eb q\u00eb duhet t\u00eb kalojm\u00eb n\u00eb mbledhjen e K\u00ebshillit Europian dhe shpresoj q\u00eb ekzekutivi t\u00eb tregoj p\u00ebrgjegjshm\u00ebri dhe seriozitet n\u00eb k\u00ebt\u00eb sfid\u00eb q\u00eb ka p\u00ebrpara. Sot q\u00eb flasim jan\u00eb minimumi kat\u00ebr shtete an\u00ebtare t\u00eb pozicionuara qart\u00eb n\u00eb vot\u00ebn kund\u00ebr.<\/p>\n<p>Rekomandimi pozitiv tregon rolin e katalizatorit q\u00eb ka Komisioni Europian n\u00eb leht\u00ebsimin e rrug\u00ebs integruese t\u00eb Shqip\u00ebris\u00eb dhe vendeve aspirante, p\u00ebr t\u2019i dh\u00ebn\u00eb nj\u00eb shtys\u00eb edhe vendeve an\u00ebtare t\u00eb mb\u00ebshtesin vendet e Ballkanit Per\u00ebndimor.<\/p>\n<p>Komisioni Europian do t\u00eb duhet t\u00eb q\u00ebndroj fort n\u00eb q\u00ebndrimet e mbajtura deri tani p\u00ebr t\u00eb ruajtur edhe kredibilitetin kundrejt vendeve an\u00ebtare. Debat ky q\u00eb ka q\u00ebn\u00eb n\u00eb qend\u00ebr t\u00eb v\u00ebmendjes t\u00eb BE kur flitet edhe p\u00ebr nj\u00eb reformim t\u00eb brendsh\u00ebm t\u00eb m\u00ebnyr\u00ebs si funksion BE sot dhe institucioneve t\u00eb saj!<\/p>\n<p>Rekomandimi pozitiv vjen edhe si pasoj\u00eb e nevoj\u00ebs ekzistenciale q\u00eb Shqip\u00ebria ka p\u00ebr t\u00eb mos u ndar\u00eb nga blloku me Maqedonin\u00eb e Veriut. N\u00ebse kjo do t\u00eb ndodhte, do t\u00eb ishte shkat\u00ebrruese p\u00ebr perspektiv\u00ebn europiane t\u00eb vendit ton\u00eb<\/p>\n<p>Raporti n\u00eb br\u00ebnd\u00ebsin\u00eb e tij ngre \u00e7\u00ebshtje serioze q\u00eb kan\u00eb t\u00eb b\u00ebjn\u00eb me mos funksionimin e shtetit, munges\u00ebn e shtetit ligjor, munges\u00ebn e dialogut politik, \u00e7\u00ebshtjet e krimit organizuar, korrupsionit dhe shkeljen flagrante t\u00eb t\u00eb drejtave t\u00eb njeriut ku p\u00ebrfshihet edhe e drejta e pron\u00ebs. Kjo k\u00ebrkon nj\u00eb udh\u00ebrr\u00ebfyes urgjent q\u00eb do t\u00eb koordinonte intitucionet mes nj\u00ebra tjetr\u00ebs p\u00ebr plot\u00ebsimin e k\u00ebtyre kushteve thelb\u00ebsore.<\/p>\n<p>Theksi i vecant\u00eb \u00ebsht\u00eb vendosur te kriteri ekonomik dhe dhe te papun\u00ebsia, duke v\u00ebn\u00eb n\u00eb dukje sistemin e dob\u00ebt ekonomik dhe duke e kthyer tashm\u00eb nj\u00eb kusht t\u00eb r\u00ebnd\u00ebsish\u00ebm n\u00eb vazhdim\u00ebsin\u00eb e procesit.<\/p>\n<p>Shqip\u00ebris\u00eb sot i mungon maturia politike m\u00eb shum\u00eb se cdo aspekt tjet\u00ebr q\u00eb i nevojitet asaj p\u00ebr t\u00eb p\u00ebrmbushur k\u00ebt\u00eb detyr\u00eb historike p\u00ebr nj\u00eb Shqip\u00ebri europiane. Teknikisht debati do t\u00eb ishte shum\u00eb i gjat\u00eb dhe druaj se argumentat do t\u00eb shkonin n\u00eb favor t\u00eb cil\u00ebsdo pal\u00eb p\u00ebr t\u2019u mburrur. Rekomandimi pozitiv \u00ebsht\u00eb vet\u00ebm nj\u00eb shtys\u00eb p\u00ebr procesin, sfidat tona jan\u00eb t\u00eb pafundme dhe askush nuk duhet t\u00eb ket\u00eb koh\u00eb p\u00ebr t\u00eb humbur dhe p\u00ebr ta kthyer k\u00ebt\u00eb n\u00eb debatin e p\u00ebrhersh\u00ebm t\u00eb triumfit apo d\u00ebshtimit politik!<\/p>\n<p>&nbsp;<\/p>\n","protected":false},"excerpt":{"rendered":"<p>Ish-ministrja e Integrimit, Klajda Gjosha ka komentuar Raportin e publikuar sot nga Komisioni Europian lidhur me hapjen e negociatave t\u00eb Shqip\u00ebris\u00eb me BE. P\u00ebrmes nj\u00eb postimi n\u00eb Facebook, Gjosha shkruan se kjo \u00ebsht\u00eb hera e kat\u00ebrt q\u00eb nga vitit 2016 q\u00eb happen k\u00ebto negociata, nd\u00ebrsa thekson se vendit sot i mungon maturia politike.\u201cShqip\u00ebris\u00eb sot i [&hellip;]<\/p>\n","protected":false},"author":2013,"featured_media":60938,"comment_status":"open","ping_status":"closed","sticky":false,"template":"","format":"standard","meta":{"footnotes":""},"categories":[241,235],"tags":[],"class_list":{"0":"post-86580","1":"post","2":"type-post","3":"status-publish","4":"format-standard","5":"has-post-thumbnail","7":"category-aktualitet","8":"category-vendi"},"_links":{"self":[{"href":"https:\/\/zjarr.tv\/sq\/wp-json\/wp\/v2\/posts\/86580","targetHints":{"allow":["GET"]}}],"collection":[{"href":"https:\/\/zjarr.tv\/sq\/wp-json\/wp\/v2\/posts"}],"about":[{"href":"https:\/\/zjarr.tv\/sq\/wp-json\/wp\/v2\/types\/post"}],"author":[{"embeddable":true,"href":"https:\/\/zjarr.tv\/sq\/wp-json\/wp\/v2\/users\/2013"}],"replies":[{"embeddable":true,"href":"https:\/\/zjarr.tv\/sq\/wp-json\/wp\/v2\/comments?post=86580"}],"version-history":[{"count":0,"href":"https:\/\/zjarr.tv\/sq\/wp-json\/wp\/v2\/posts\/86580\/revisions"}],"wp:featuredmedia":[{"embeddable":true,"href":"https:\/\/zjarr.tv\/sq\/wp-json\/wp\/v2\/media\/60938"}],"wp:attachment":[{"href":"https:\/\/zjarr.tv\/sq\/wp-json\/wp\/v2\/media?parent=86580"}],"wp:term":[{"taxonomy":"category","embeddable":true,"href":"https:\/\/zjarr.tv\/sq\/wp-json\/wp\/v2\/categories?post=86580"},{"taxonomy":"post_tag","embeddable":true,"href":"https:\/\/zjarr.tv\/sq\/wp-json\/wp\/v2\/tags?post=86580"}],"curies":[{"name":"wp","href":"https:\/\/api.w.org\/{rel}","templated":true}]}}