{"id":86585,"date":"2019-05-29T21:20:23","date_gmt":"2019-05-29T19:20:23","guid":{"rendered":"https:\/\/zjarr.tv\/?p=86585"},"modified":"2019-05-29T17:23:57","modified_gmt":"2019-05-29T15:23:57","slug":"haradinaj-shqiperia-te-heqe-taksen-rrugore-me-me-rendesi-sesa-deklaratat-per-bashkim-2","status":"publish","type":"post","link":"https:\/\/zjarr.tv\/sq\/haradinaj-shqiperia-te-heqe-taksen-rrugore-me-me-rendesi-sesa-deklaratat-per-bashkim-2\/","title":{"rendered":"Haradinaj: Shqip\u00ebria t\u00eb heq\u00eb taks\u00ebn rrugore, m\u00eb me r\u00ebnd\u00ebsi sesa deklaratat p\u00ebr bashkim"},"content":{"rendered":"<p>Kryeministri, Ramush Haradinaj n\u00eb nj\u00eb konferenc\u00eb p\u00ebr medie nuk ka dashur q\u00eb t\u00eb flas edhe gjat\u00eb p\u00ebr iden\u00eb e presidentit t\u00eb vendit p\u00ebr bashkim komb\u00ebtar me Shqip\u00ebrin\u00eb.<\/p>\n<p>\u201cBashkimi komb\u00ebtar \u00ebsht\u00eb nj\u00eb projekt i shekujve por n\u00eb etap\u00ebn q\u00eb ndodhemi \u00ebsht\u00eb me r\u00ebnd\u00ebsi q\u00eb Shqip\u00ebria e Kosova ta thellojn\u00eb bashk\u00ebpunimin dhe ti heqin pengesat tjera.<\/p>\n<p>Ose ta heqin taks\u00ebn e rrug\u00ebs q\u00eb e kan\u00eb nxjerr\u00eb atje p\u00ebr qytetar\u00ebt e Kosov\u00ebs\u201d, tha Haradinaj.<\/p>\n<p>&nbsp;<\/p>\n","protected":false},"excerpt":{"rendered":"<p>Kryeministri, Ramush Haradinaj n\u00eb nj\u00eb konferenc\u00eb p\u00ebr medie nuk ka dashur q\u00eb t\u00eb flas edhe gjat\u00eb p\u00ebr iden\u00eb e presidentit t\u00eb vendit p\u00ebr bashkim komb\u00ebtar me Shqip\u00ebrin\u00eb. \u201cBashkimi komb\u00ebtar \u00ebsht\u00eb nj\u00eb projekt i shekujve por n\u00eb etap\u00ebn q\u00eb ndodhemi \u00ebsht\u00eb me r\u00ebnd\u00ebsi q\u00eb Shqip\u00ebria e Kosova ta thellojn\u00eb bashk\u00ebpunimin dhe ti heqin pengesat tjera. Ose [&hellip;]<\/p>\n","protected":false},"author":2013,"featured_media":67375,"comment_status":"open","ping_status":"closed","sticky":false,"template":"","format":"standard","meta":{"footnotes":""},"categories":[241,2],"tags":[],"class_list":{"0":"post-86585","1":"post","2":"type-post","3":"status-publish","4":"format-standard","5":"has-post-thumbnail","7":"category-aktualitet","8":"category-rajoni"},"_links":{"self":[{"href":"https:\/\/zjarr.tv\/sq\/wp-json\/wp\/v2\/posts\/86585","targetHints":{"allow":["GET"]}}],"collection":[{"href":"https:\/\/zjarr.tv\/sq\/wp-json\/wp\/v2\/posts"}],"about":[{"href":"https:\/\/zjarr.tv\/sq\/wp-json\/wp\/v2\/types\/post"}],"author":[{"embeddable":true,"href":"https:\/\/zjarr.tv\/sq\/wp-json\/wp\/v2\/users\/2013"}],"replies":[{"embeddable":true,"href":"https:\/\/zjarr.tv\/sq\/wp-json\/wp\/v2\/comments?post=86585"}],"version-history":[{"count":0,"href":"https:\/\/zjarr.tv\/sq\/wp-json\/wp\/v2\/posts\/86585\/revisions"}],"wp:featuredmedia":[{"embeddable":true,"href":"https:\/\/zjarr.tv\/sq\/wp-json\/wp\/v2\/media\/67375"}],"wp:attachment":[{"href":"https:\/\/zjarr.tv\/sq\/wp-json\/wp\/v2\/media?parent=86585"}],"wp:term":[{"taxonomy":"category","embeddable":true,"href":"https:\/\/zjarr.tv\/sq\/wp-json\/wp\/v2\/categories?post=86585"},{"taxonomy":"post_tag","embeddable":true,"href":"https:\/\/zjarr.tv\/sq\/wp-json\/wp\/v2\/tags?post=86585"}],"curies":[{"name":"wp","href":"https:\/\/api.w.org\/{rel}","templated":true}]}}