{"id":86587,"date":"2019-05-29T21:30:11","date_gmt":"2019-05-29T19:30:11","guid":{"rendered":"https:\/\/zjarr.tv\/?p=86587"},"modified":"2019-05-29T17:26:00","modified_gmt":"2019-05-29T15:26:00","slug":"sot-hapet-autostrada-prishtine-shkup","status":"publish","type":"post","link":"https:\/\/zjarr.tv\/sq\/sot-hapet-autostrada-prishtine-shkup\/","title":{"rendered":"Sot hapet autostrada Prishtin\u00eb &#8211; Shkup"},"content":{"rendered":"<p>Pas nj\u00eb pune t\u00eb gjat\u00eb prej disa vitesh, sot do t\u00eb p\u00ebrurohet autostrada Prishtin\u00eb \u2013 Elez Han \u201cArb\u00ebn Xhaferi\u201d, n\u00eb hapje t\u00eb s\u00eb cil\u00ebs do t\u00eb marrin pjes\u00eb krer\u00ebt e shtetit t\u00eb Kosov\u00ebs. Presidenti i Kosov\u00ebs, Hashim Tha\u00e7i, kryeministri Ramush Haradinaj dhe kryeparlamentari Kadri Veseli do t\u00eb jen\u00eb t\u00eb pranish\u00ebm n\u00eb ceremonin\u00eb inauguruese q\u00eb do t\u00eb mbahet sot n\u00eb mesdit\u00eb.<\/p>\n<p>Hapja e Autostrad\u00ebs Prishtin\u00eb-Shkup b\u00ebhet me pes\u00eb muaj vones\u00eb, pasi nj\u00eb gj\u00eb e till\u00eb ishte e planifikuar t\u00eb b\u00ebhej m\u00eb 31 dhjetor t\u00eb vitit 2018, mir\u00ebpo kjo nuk ndodhi. P\u00ebr k\u00ebt\u00eb autostrad\u00eb nga buxheti i Kosov\u00ebs\u00a0jan\u00eb paguar 53 milion\u00eb euro m\u00eb shum\u00eb kompanis\u00eb\u00a0Bechtel &amp; Enka.<\/p>\n<p>Lidhur me pun\u00ebt q\u00eb i kan\u00eb kryer disa kompani vendore kan\u00eb protestuar para kampit t\u00eb Bechtel \u2013 Enka-s n\u00eb Ferizaj, p\u00ebr moskryerjen e pagesave p\u00ebr pun\u00ebt q\u00eb sipas tyre i kane kryer p\u00ebr Bechtel \u2013 Enka-n. Nd\u00ebrkoh\u00eb, Qeveria t\u00eb mart\u00ebn ka vendosur p\u00ebr investime shtes\u00eb, pasi pritet t\u00eb nd\u00ebrtohen edhe dy vepra\u00a0t\u00eb reja n\u00eb k\u00ebt\u00eb autostrad\u00eb, nj\u00eb n\u00eb Ferizaj dhe nj\u00eb n\u00eb Viti, q\u00eb ende nuk \u00ebsht\u00eb b\u00ebr\u00eb publike sa do t\u00eb kushtojn\u00eb, shkruan\u00a0Kallxo.com.<\/p>\n<p>Ministri kosovar i\u00a0Infrastruktur\u00ebs Pal Lekaj dy dit\u00eb m\u00eb par\u00eb i ka\u00a0 k\u00ebrkuar gjith\u00eb stafit\u00a0t\u00eb\u00a0Ministris\u00eb q\u00eb t\u00eb jen\u00eb prezent n\u00eb ceremonin\u00eb e p\u00ebrurimit t\u00eb k\u00ebsaj autostrade.<\/p>\n<p>&nbsp;<\/p>\n","protected":false},"excerpt":{"rendered":"<p>Pas nj\u00eb pune t\u00eb gjat\u00eb prej disa vitesh, sot do t\u00eb p\u00ebrurohet autostrada Prishtin\u00eb \u2013 Elez Han \u201cArb\u00ebn Xhaferi\u201d, n\u00eb hapje t\u00eb s\u00eb cil\u00ebs do t\u00eb marrin pjes\u00eb krer\u00ebt e shtetit t\u00eb Kosov\u00ebs. Presidenti i Kosov\u00ebs, Hashim Tha\u00e7i, kryeministri Ramush Haradinaj dhe kryeparlamentari Kadri Veseli do t\u00eb jen\u00eb t\u00eb pranish\u00ebm n\u00eb ceremonin\u00eb inauguruese q\u00eb do [&hellip;]<\/p>\n","protected":false},"author":2013,"featured_media":86588,"comment_status":"open","ping_status":"closed","sticky":false,"template":"","format":"standard","meta":{"footnotes":""},"categories":[241,2],"tags":[],"class_list":{"0":"post-86587","1":"post","2":"type-post","3":"status-publish","4":"format-standard","5":"has-post-thumbnail","7":"category-aktualitet","8":"category-rajoni"},"_links":{"self":[{"href":"https:\/\/zjarr.tv\/sq\/wp-json\/wp\/v2\/posts\/86587","targetHints":{"allow":["GET"]}}],"collection":[{"href":"https:\/\/zjarr.tv\/sq\/wp-json\/wp\/v2\/posts"}],"about":[{"href":"https:\/\/zjarr.tv\/sq\/wp-json\/wp\/v2\/types\/post"}],"author":[{"embeddable":true,"href":"https:\/\/zjarr.tv\/sq\/wp-json\/wp\/v2\/users\/2013"}],"replies":[{"embeddable":true,"href":"https:\/\/zjarr.tv\/sq\/wp-json\/wp\/v2\/comments?post=86587"}],"version-history":[{"count":0,"href":"https:\/\/zjarr.tv\/sq\/wp-json\/wp\/v2\/posts\/86587\/revisions"}],"wp:featuredmedia":[{"embeddable":true,"href":"https:\/\/zjarr.tv\/sq\/wp-json\/wp\/v2\/media\/86588"}],"wp:attachment":[{"href":"https:\/\/zjarr.tv\/sq\/wp-json\/wp\/v2\/media?parent=86587"}],"wp:term":[{"taxonomy":"category","embeddable":true,"href":"https:\/\/zjarr.tv\/sq\/wp-json\/wp\/v2\/categories?post=86587"},{"taxonomy":"post_tag","embeddable":true,"href":"https:\/\/zjarr.tv\/sq\/wp-json\/wp\/v2\/tags?post=86587"}],"curies":[{"name":"wp","href":"https:\/\/api.w.org\/{rel}","templated":true}]}}