{"id":86592,"date":"2019-05-29T21:50:41","date_gmt":"2019-05-29T19:50:41","guid":{"rendered":"https:\/\/zjarr.tv\/?p=86592"},"modified":"2019-05-29T17:30:29","modified_gmt":"2019-05-29T15:30:29","slug":"thaci-uron-shqiperine-per-hapjen-e-negociatave-per-anetaresim-ne-be","status":"publish","type":"post","link":"https:\/\/zjarr.tv\/sq\/thaci-uron-shqiperine-per-hapjen-e-negociatave-per-anetaresim-ne-be\/","title":{"rendered":"Tha\u00e7i uron Shqip\u00ebrin\u00eb p\u00ebr hapjen e negociatave p\u00ebr an\u00ebtar\u00ebsim n\u00eb BE"},"content":{"rendered":"<p>Presidenti i Kosov\u00ebs, Hashim Tha\u00e7i, i ka d\u00ebrguar sot nj\u00eb let\u00ebr kryeministrit t\u00eb Shqip\u00ebris\u00eb, Edi Rama, duke e uruar Shqip\u00ebrin\u00eb p\u00ebr rekomandimin pozitiv t\u00eb Komisionit Evropian p\u00ebr hapjen e negociatave p\u00ebr hyrje n\u00eb Bashkimin Evropian.<\/p>\n<p>\u201cE p\u00ebrg\u00ebzoj Shqip\u00ebrin\u00eb dhe kryeministrin Rama p\u00ebr marrjen e rekomandimit t\u00eb qart\u00eb nga Komisioni Evropian p\u00ebr hapjen e negociatave p\u00ebr an\u00ebtar\u00ebsim n\u00eb Bashkimin Evropian\u201d, ka shkruar Tha\u00e7i.<\/p>\n<p>Ai thot\u00eb q\u00eb shpreson q\u00eb nj\u00eb rekomandim i till\u00eb t\u00eb shnd\u00ebrrohet n\u00eb nj\u00eb vendim, pasi q\u00eb Shqip\u00ebria meriton t\u00eb jet\u00eb pjes\u00eb e familjes s\u00eb madhe t\u00eb BE-s\u00eb.<\/p>\n<p>\u201cKy rekomandim uroj t\u00eb shnd\u00ebrrohet n\u00eb vendim nga ana e K\u00ebshillit t\u00eb Bashkimit Evropian, q\u00eb Shqip\u00ebria n\u00eb m\u00ebnyr\u00eb meritore t\u00eb b\u00ebhet pjes\u00eb e familjes evropiane\u201d, ka shtuar Tha\u00e7i.<\/p>\n<p>Ky urim i Tha\u00e7it n\u00eb t\u00eb cilin uron n\u00eb m\u00ebnyr\u00eb t\u00eb ve\u00e7ant\u00eb edhe Edi Ram\u00ebn p\u00ebr nj\u00eb hap pozitiv t\u00eb Shqip\u00ebris\u00eb drejt integrimit n\u00eb BE, vjen pas nj\u00eb p\u00ebrplasje t\u00eb ashp\u00ebr e t\u00eb vazhdueshme me ish-kryeministrin e Shqip\u00ebris\u00eb, Sali Berish\u00ebn.<\/p>\n<p>Sa i p\u00ebrket BE-s\u00eb, Tha\u00e7i vazhdimisht ka kritikuar institucionet e Bashkimit Evropian, p\u00ebr mos liberalizimin e vizave p\u00ebr Kosov\u00ebn, duke th\u00ebn\u00eb se edhe p\u00ebrkund\u00ebr faktit q\u00eb Kosova i ka plot\u00ebsuar kushtet, ata po tregohen t\u00eb paaft\u00eb p\u00ebr t\u00eb marr\u00eb nj\u00eb vendim.<\/p>\n<p>&nbsp;<\/p>\n","protected":false},"excerpt":{"rendered":"<p>Presidenti i Kosov\u00ebs, Hashim Tha\u00e7i, i ka d\u00ebrguar sot nj\u00eb let\u00ebr kryeministrit t\u00eb Shqip\u00ebris\u00eb, Edi Rama, duke e uruar Shqip\u00ebrin\u00eb p\u00ebr rekomandimin pozitiv t\u00eb Komisionit Evropian p\u00ebr hapjen e negociatave p\u00ebr hyrje n\u00eb Bashkimin Evropian. \u201cE p\u00ebrg\u00ebzoj Shqip\u00ebrin\u00eb dhe kryeministrin Rama p\u00ebr marrjen e rekomandimit t\u00eb qart\u00eb nga Komisioni Evropian p\u00ebr hapjen e negociatave p\u00ebr [&hellip;]<\/p>\n","protected":false},"author":2013,"featured_media":50885,"comment_status":"open","ping_status":"closed","sticky":false,"template":"","format":"standard","meta":{"footnotes":""},"categories":[241,2],"tags":[],"class_list":{"0":"post-86592","1":"post","2":"type-post","3":"status-publish","4":"format-standard","5":"has-post-thumbnail","7":"category-aktualitet","8":"category-rajoni"},"_links":{"self":[{"href":"https:\/\/zjarr.tv\/sq\/wp-json\/wp\/v2\/posts\/86592","targetHints":{"allow":["GET"]}}],"collection":[{"href":"https:\/\/zjarr.tv\/sq\/wp-json\/wp\/v2\/posts"}],"about":[{"href":"https:\/\/zjarr.tv\/sq\/wp-json\/wp\/v2\/types\/post"}],"author":[{"embeddable":true,"href":"https:\/\/zjarr.tv\/sq\/wp-json\/wp\/v2\/users\/2013"}],"replies":[{"embeddable":true,"href":"https:\/\/zjarr.tv\/sq\/wp-json\/wp\/v2\/comments?post=86592"}],"version-history":[{"count":0,"href":"https:\/\/zjarr.tv\/sq\/wp-json\/wp\/v2\/posts\/86592\/revisions"}],"wp:featuredmedia":[{"embeddable":true,"href":"https:\/\/zjarr.tv\/sq\/wp-json\/wp\/v2\/media\/50885"}],"wp:attachment":[{"href":"https:\/\/zjarr.tv\/sq\/wp-json\/wp\/v2\/media?parent=86592"}],"wp:term":[{"taxonomy":"category","embeddable":true,"href":"https:\/\/zjarr.tv\/sq\/wp-json\/wp\/v2\/categories?post=86592"},{"taxonomy":"post_tag","embeddable":true,"href":"https:\/\/zjarr.tv\/sq\/wp-json\/wp\/v2\/tags?post=86592"}],"curies":[{"name":"wp","href":"https:\/\/api.w.org\/{rel}","templated":true}]}}