{"id":86602,"date":"2019-05-29T17:52:09","date_gmt":"2019-05-29T15:52:09","guid":{"rendered":"https:\/\/zjarr.tv\/?p=86602"},"modified":"2019-05-29T17:52:09","modified_gmt":"2019-05-29T15:52:09","slug":"basha-rendit-arsyet-pse-kryeministri-duhet-te-ike","status":"publish","type":"post","link":"https:\/\/zjarr.tv\/sq\/basha-rendit-arsyet-pse-kryeministri-duhet-te-ike\/","title":{"rendered":"Basha rendit arsyet pse Kryeministri duhet t\u00eb ik\u00eb"},"content":{"rendered":"<p>Kreu i opozit\u00ebs Lulzim Basha deklaroi sot n\u00eb Fier se e vetmja rrug\u00eb p\u00ebr zgjidhjen e kriz\u00ebs \u00ebsht\u00eb largimi i Edi Ram\u00ebs.<\/p>\n<p>Basha deklaroi para mij\u00ebra mb\u00ebshtet\u00ebsve se \u201cRama duhet t\u00eb largohet sepse Shqip\u00ebrin\u00eb e shnd\u00ebrroi n\u00eb hambar droge dhe krimi. Sepse ekonomia u kap nga parat\u00eb e krimit, sepse helmoi f\u00ebmij\u00ebt me gaz lotsjell\u00ebs kur prind\u00ebrit mbronin sht\u00ebpit\u00eb e tyre, iu dha oligark\u00ebve parat\u00eb e shqiptar\u00eb, sepse tradhtoi integritetin e Kosov\u00ebs, sepse e la vendin pa gjykata, sepse me Dakon e Gjiknurin vodh\u00ebn votat.\u201d<\/p>\n<p><strong>Pjes\u00eb nga fjala e z. Basha \u00a0<\/strong><\/p>\n<p><em>Nga nj\u00ebra an\u00eb nj\u00eb kryeminist\u00ebr ilegjitim i ardhur n\u00eb pushtet me votat e krimit dhe parat\u00eb e drog\u00ebs, nj\u00eb njeri q\u00eb po b\u00ebn gjith\u00e7ka t\u00eb vonoj\u00eb hapjen e negociatave.<\/em><\/p>\n<p><em>N\u00eb an\u00ebn tjet\u00ebr jemi ne, PD, opozita e bashkuar, jan\u00eb t\u00eb gjith\u00eb shqiptar\u00ebt. Jemi t\u00eb gjith\u00eb bashk\u00eb dhe ne e b\u00ebjm\u00eb k\u00ebt\u00eb betej\u00eb p\u00ebr vler\u00eb evropiane, p\u00ebr standarde evropiane, p\u00ebr Shqip\u00ebrin\u00eb e gjith\u00eb shqiptar\u00ebve dhe jo p\u00ebr nj\u00eb grusht hajdut\u00ebsh e kriminel\u00ebsh.<\/em><\/p>\n<p><em>Ka ve\u00e7 nj\u00eb rrug\u00eb drejt Shqip\u00ebris\u00eb Europiane: Edi Rama duhet t\u00eb largohet sepse Shqip\u00ebrin\u00eb e shnd\u00ebrroi n\u00eb hambar droge dhe krimi. Sepse ekonomia u kap nga parat\u00eb e krimit, sepse helmoi f\u00ebmij\u00ebt me gaz lotsjell\u00ebs kur prind\u00ebrit mbronin sht\u00ebpit\u00eb e tyre, iu dha oligark\u00ebve parat\u00eb e shqiptar\u00eb, sepse tradhtoi integritetin e Kosov\u00ebs, sepse e la vendin pa gjykata, sepse me Dakon e Gjiknurin vodh\u00ebn votat.<\/em><\/p>\n<p><em>Boll m\u00eb me Shqip\u00ebrin\u00eb q\u00eb duan ata. Koha \u00ebsht\u00eb tani p\u00ebr Shqip\u00ebrin\u00eb e shqiptar\u00ebve\u201d.<\/em><\/p>\n<p>&nbsp;<\/p>\n","protected":false},"excerpt":{"rendered":"<p>Kreu i opozit\u00ebs Lulzim Basha deklaroi sot n\u00eb Fier se e vetmja rrug\u00eb p\u00ebr zgjidhjen e kriz\u00ebs \u00ebsht\u00eb largimi i Edi Ram\u00ebs. Basha deklaroi para mij\u00ebra mb\u00ebshtet\u00ebsve se \u201cRama duhet t\u00eb largohet sepse Shqip\u00ebrin\u00eb e shnd\u00ebrroi n\u00eb hambar droge dhe krimi. Sepse ekonomia u kap nga parat\u00eb e krimit, sepse helmoi f\u00ebmij\u00ebt me gaz lotsjell\u00ebs [&hellip;]<\/p>\n","protected":false},"author":2013,"featured_media":86599,"comment_status":"open","ping_status":"closed","sticky":false,"template":"","format":"standard","meta":{"footnotes":""},"categories":[241,235],"tags":[],"class_list":{"0":"post-86602","1":"post","2":"type-post","3":"status-publish","4":"format-standard","5":"has-post-thumbnail","7":"category-aktualitet","8":"category-vendi"},"_links":{"self":[{"href":"https:\/\/zjarr.tv\/sq\/wp-json\/wp\/v2\/posts\/86602","targetHints":{"allow":["GET"]}}],"collection":[{"href":"https:\/\/zjarr.tv\/sq\/wp-json\/wp\/v2\/posts"}],"about":[{"href":"https:\/\/zjarr.tv\/sq\/wp-json\/wp\/v2\/types\/post"}],"author":[{"embeddable":true,"href":"https:\/\/zjarr.tv\/sq\/wp-json\/wp\/v2\/users\/2013"}],"replies":[{"embeddable":true,"href":"https:\/\/zjarr.tv\/sq\/wp-json\/wp\/v2\/comments?post=86602"}],"version-history":[{"count":0,"href":"https:\/\/zjarr.tv\/sq\/wp-json\/wp\/v2\/posts\/86602\/revisions"}],"wp:featuredmedia":[{"embeddable":true,"href":"https:\/\/zjarr.tv\/sq\/wp-json\/wp\/v2\/media\/86599"}],"wp:attachment":[{"href":"https:\/\/zjarr.tv\/sq\/wp-json\/wp\/v2\/media?parent=86602"}],"wp:term":[{"taxonomy":"category","embeddable":true,"href":"https:\/\/zjarr.tv\/sq\/wp-json\/wp\/v2\/categories?post=86602"},{"taxonomy":"post_tag","embeddable":true,"href":"https:\/\/zjarr.tv\/sq\/wp-json\/wp\/v2\/tags?post=86602"}],"curies":[{"name":"wp","href":"https:\/\/api.w.org\/{rel}","templated":true}]}}