{"id":86604,"date":"2019-05-29T18:07:36","date_gmt":"2019-05-29T16:07:36","guid":{"rendered":"https:\/\/zjarr.tv\/?p=86604"},"modified":"2019-05-29T18:07:36","modified_gmt":"2019-05-29T16:07:36","slug":"rekomandimi-per-hapjen-e-negociatave-berisha-nje-vendim-qe-e-pershendes-por-qe-me-le-zemerthyer","status":"publish","type":"post","link":"https:\/\/zjarr.tv\/sq\/rekomandimi-per-hapjen-e-negociatave-berisha-nje-vendim-qe-e-pershendes-por-qe-me-le-zemerthyer\/","title":{"rendered":"Rekomandimi p\u00ebr hapjen e negociatave\/ Berisha: Nj\u00eb vendim q\u00eb e p\u00ebrsh\u00ebndes, por q\u00eb m\u00eb le zem\u00ebrthyer!"},"content":{"rendered":"<p>Raporti i komisionit t\u00eb BE-s\u00eb rekomandon \u00e7eljen e negociatave me Shqip\u00ebrin\u00eb dhe Maqedonin\u00eb e Veriut.<\/p>\n<p>Por ky rekomandim duhet t\u00eb shqyrtohet tani n\u00eb 28 shtetet an\u00ebtare, ku disa prej tyre, Gjermania, Holanda, Belgjika e Danimarka kan\u00eb shprehur hapur skepticizmin e tyre rreth k\u00ebtij vendimi.<\/p>\n<p>Lidhur me vendimin e sot\u00ebm t\u00eb KE-s\u00eb ka reaguar edhe ish-kryeministri Sali Berisha.<\/p>\n<p>P\u00ebrmes nj\u00eb postimi n\u00eb rrjetet sociale, Berisha p\u00ebrsh\u00ebndet rekomandimin e Komsionit, por shton se, q\u00eb nga viti i shkuar, Shqip\u00ebria nuk ka p\u00ebrmbushur asj\u00eb prej 13 kusheteve t\u00eb vendosura n\u00eb deklarat\u00ebn e 27 qershorit 2016.<\/p>\n<p>\u201cPor p\u00ebrs\u00ebri dua t\u00eb them se me gjith\u00eb rekomandimin e hapjes pa kushte t\u00eb negociatave, un\u00eb mbetem zem,rthyer. Kjo sepse n\u00eb vleresimin tim, jemi identik si para skenarit t\u00eb nj\u00eb viti m\u00eb par\u00eb\u201d, shkruan Berisha n\u00eb reagimin e tij.<\/p>\n<p><strong>Reagimi i plot\u00eb Nje vendim qe une e pershendes por qe me le zemerthyer!<\/strong><\/p>\n<p>Miq, sot ne nje konference shtypi te perbashket Perfaqesuesja e Larte per Politiken e Jashtme dhe sigurine e BE, Frederica Mogherini dhe Komisioneri per Zgjerimin dhe Fqinjesine i Komisionit Europian, Johannes Hahn njoftuan rekomandimin e Komisionit Europian per hapjen pa kushte te negociatave me Shqiperine.<\/p>\n<p>Une e pershendes rekomandimin e raportit te Komisionit te BE per hapjen e negociatave pavaresisht se une vleresoj se Shqiperia qe nga vjet nuk ka plotesuar asnjerin nga 13 kushtet e caktuara ne deklaraten e 27 qershorit te vitit 2016 te ministrave te jashtem te vendeve anetare te BE.<\/p>\n<p>Une e pershendes dhe mbeshtes rekomandimin e Komisionit sepse kam qene dhe jam i bindur se hapja e negociatave do ndihmonte ne menyre te padiskutueshme ne plotesimin e kritereve dhe kushteve te kerkuara qe Shqiperia te perparoje drejt anetaresimit ne BE.<\/p>\n<p>Perve\u00e7 ketyre pershendes rekomandimin e Komisionit per hapjen pa kushte te negociatave duke hedhur poshte keshtu pretendimin se protestat e opozites dhe vendimi i saj per te djegur mandatet pengojne apo demtojne hapjen e negociatave me BE.<\/p>\n<p>Por perseri dua te them se megjithe rekomandimin e hapjes pa kushte te negociatave une mbetem zemerthyer.<\/p>\n<p>Kjo sepse ne vleresimin tim, megjithe rekomandimin per hapjen pa kushte te negociatave, jemi identik si para skenarit te nje viti me pare.<\/p>\n<p>Vjet Komisioni, njelloj si kete vit rekomandoi hapjen pa kushte te negociatave me Shqiperine. Mirepo pavaresisht nga kjo, ministrat e jashtem te BE hodhen poshte me unanimitet kete rekomandim dhe, po me unanimitet, caktuan 13 kushte qe duhet te plotesonte Shqiperia ne menyre qe Keshilli i Ministrave te vendoste ne qershor te vitit 2019 qe vendimi te merrej pasi te shqyrtohej plotesimi i kushteve ne dhjetor te vitit 2019.<\/p>\n<p>Une jam zemerthyer se ne gjendjen aktuale, ku asnjera nga 13 kushtet e kerkuara nuk jane plotesuar ndaj dhe ne bindjen time Keshilli i Ministrave do mbaje te njejtin qendrim qe mbajti vjet ndaj rekomandimit te Komisionit Europian dhe do rendise se paku edhe njehere 13 kushtet e meparshme per tu plotesuar nga Shqiperia ne menyre qe te votohet per hapjen e negociatave me se afermi nga fundi i vitit 2020 per te mos thene edhe me vone. Por kesaj radhe nuk besoj se do kete eurokrate apo europarlamentare qe do vijne te mashtrojne shqiptaret si\u00e7 bene fillim korrikun e vitit 2018 se negociatat u hapen.<\/p>\n<p>Kesaj radhe Edvin Kristaq Mashtrimi nuk do arrije te hape shampanjen e festes per hapjen e negociatave apo te ndaje dekoratat per ata qe bene te mundur hapjen e tyre si\u00e7 beri vjet. Kesaj radhe, ai deri ne fund te qershorit do jete flakur aty ku e ka vendin, ne koshin e plehrave te historise! sb<\/p>\n<p>&nbsp;<\/p>\n","protected":false},"excerpt":{"rendered":"<p>Raporti i komisionit t\u00eb BE-s\u00eb rekomandon \u00e7eljen e negociatave me Shqip\u00ebrin\u00eb dhe Maqedonin\u00eb e Veriut. Por ky rekomandim duhet t\u00eb shqyrtohet tani n\u00eb 28 shtetet an\u00ebtare, ku disa prej tyre, Gjermania, Holanda, Belgjika e Danimarka kan\u00eb shprehur hapur skepticizmin e tyre rreth k\u00ebtij vendimi. Lidhur me vendimin e sot\u00ebm t\u00eb KE-s\u00eb ka reaguar edhe ish-kryeministri [&hellip;]<\/p>\n","protected":false},"author":2013,"featured_media":65486,"comment_status":"open","ping_status":"closed","sticky":false,"template":"","format":"standard","meta":{"footnotes":""},"categories":[241,235],"tags":[],"class_list":{"0":"post-86604","1":"post","2":"type-post","3":"status-publish","4":"format-standard","5":"has-post-thumbnail","7":"category-aktualitet","8":"category-vendi"},"_links":{"self":[{"href":"https:\/\/zjarr.tv\/sq\/wp-json\/wp\/v2\/posts\/86604","targetHints":{"allow":["GET"]}}],"collection":[{"href":"https:\/\/zjarr.tv\/sq\/wp-json\/wp\/v2\/posts"}],"about":[{"href":"https:\/\/zjarr.tv\/sq\/wp-json\/wp\/v2\/types\/post"}],"author":[{"embeddable":true,"href":"https:\/\/zjarr.tv\/sq\/wp-json\/wp\/v2\/users\/2013"}],"replies":[{"embeddable":true,"href":"https:\/\/zjarr.tv\/sq\/wp-json\/wp\/v2\/comments?post=86604"}],"version-history":[{"count":0,"href":"https:\/\/zjarr.tv\/sq\/wp-json\/wp\/v2\/posts\/86604\/revisions"}],"wp:featuredmedia":[{"embeddable":true,"href":"https:\/\/zjarr.tv\/sq\/wp-json\/wp\/v2\/media\/65486"}],"wp:attachment":[{"href":"https:\/\/zjarr.tv\/sq\/wp-json\/wp\/v2\/media?parent=86604"}],"wp:term":[{"taxonomy":"category","embeddable":true,"href":"https:\/\/zjarr.tv\/sq\/wp-json\/wp\/v2\/categories?post=86604"},{"taxonomy":"post_tag","embeddable":true,"href":"https:\/\/zjarr.tv\/sq\/wp-json\/wp\/v2\/tags?post=86604"}],"curies":[{"name":"wp","href":"https:\/\/api.w.org\/{rel}","templated":true}]}}