{"id":86607,"date":"2019-05-29T18:09:53","date_gmt":"2019-05-29T16:09:53","guid":{"rendered":"https:\/\/zjarr.tv\/?p=86607"},"modified":"2019-05-29T18:09:53","modified_gmt":"2019-05-29T16:09:53","slug":"rekomandimi-pa-kushte-gjonaj-te-vendosur-per-drejtesi-te-pavarur","status":"publish","type":"post","link":"https:\/\/zjarr.tv\/sq\/rekomandimi-pa-kushte-gjonaj-te-vendosur-per-drejtesi-te-pavarur\/","title":{"rendered":"Rekomandimi pa kushte,  Gjonaj: T\u00eb vendosur p\u00ebr drejt\u00ebsi t\u00eb pavarur"},"content":{"rendered":"<p>Ministrja e Drejt\u00ebsis\u00eb Etilda Gjonaj ka p\u00ebrsh\u00ebndetur\u00a0rekomandimin p\u00ebr hapjen e negociatave nga ana e Komisionit Evropian. N\u00ebp\u00ebrmjet nj\u00eb statusi n\u00eb rrjetin social facebook, ministrja Gjonaj thekson se \u2018\u2019\u00a0rezultatet pozitive t\u00eb procesit reformues n\u00eb drejt\u00ebsi, si nj\u00eb reform\u00eb unikale dhe historike, ka d\u00ebshmuar se jemi t\u00eb vendosur p\u00ebr ti dh\u00ebn\u00eb qytetar\u00ebve shqiptar\u00eb nj\u00eb drejt\u00ebsi t\u00eb pavarur, t\u00eb pakorruptuar, t\u00eb drejt\u00eb dhe efektive. \u2018\u2019<\/p>\n<p><strong>Statusi i plot\u00eb:<\/strong><\/p>\n<p><em>Rekomandimi pozitiv pa kushte i Komisionit Evropian p\u00ebr \u00e7eljen e negociatave me Shqip\u00ebrin\u00eb \u00ebsht\u00eb lajmi m\u00eb i mir\u00eb p\u00ebr shqiptar\u00ebt.<\/em><\/p>\n<p><em>Rezultatet e arritura n\u00eb reformat e v\u00ebshtira q\u00eb kemi nd\u00ebrmarr\u00eb, t\u00eb njohura tashm\u00eb nga Komisioni Evropian, jan\u00eb nj\u00eb d\u00ebshmi e qart\u00eb se jemi n\u00eb rrug\u00ebn e duhur t\u00eb konsolidimit t\u00eb shtetit ligjor.<\/em><\/p>\n<p><em>Rezultatet pozitive t\u00eb procesit reformues n\u00eb drejt\u00ebsi, si nj\u00eb reform\u00eb unikale dhe historike, ka d\u00ebshmuar se jemi t\u00eb vendosur p\u00ebr ti dh\u00ebn\u00eb qytetar\u00ebve shqiptar\u00eb nj\u00eb drejt\u00ebsi t\u00eb pavarur, t\u00eb pakorruptuar, t\u00eb drejt\u00eb dhe efektive.<\/em><\/p>\n<p><em>Q\u00ebndrueshm\u00ebria e zbatimit t\u00eb reform\u00ebs n\u00eb drejt\u00ebsi \u00ebsht\u00eb vler\u00ebsuar nga Komisioni Evropian, dhe me ngritjen e institucioneve t\u00eb tjera t\u00eb drejt\u00ebsis\u00eb, do t\u00eb kemi nj\u00eb sistem drejt\u00ebsie t\u00eb bazuar tek profesionalizmi, q\u00eb lufton korrupsionin dhe n\u00eb t\u00eb cilin qytetar\u00ebt do te ken\u00eb besim se do t\u00eb marrin drejt\u00ebsi.<\/em><\/p>\n<p><em>Lufta kund\u00ebr korrupsionit \u00ebsht\u00eb nj\u00eb sfid\u00eb e cila na ka udh\u00ebhequr dhe do vazhdoj\u00eb te na udh\u00ebheq\u00eb n\u00eb t\u00eb gjith\u00eb veprimtarin\u00eb ton\u00eb shtet-b\u00ebr\u00ebs dhe \u00ebsht\u00eb nj\u00eb nga objektivat prioritare t\u00eb k\u00ebsaj Qeverie.<\/em><\/p>\n<p><em>Komisioni Evropian ka vler\u00ebsuar pozitivisht masat q\u00eb ne kemi nd\u00ebrmarr\u00eb n\u00eb luft\u00ebn kund\u00ebr korrupsionit, duke njohur avancimin n\u00eb zbatimin e Strategjis\u00eb Nd\u00ebrsektoriale n\u00eb Luft\u00ebn Kund\u00ebr Korrupsionit dhe Planin e Veprimit 2018-2020, ndryshimet n\u00eb kuadrin ligjor, si edhe rezultatet konkrete pozitive dhe proaktivitetin e Task Forc\u00ebs kund\u00ebr Korrupsionit dhe fillesat e procedimit t\u00eb zyrtar\u00ebve t\u00eb lart\u00eb.<\/em><\/p>\n<p><em>Qeveria, shumica qeveris\u00ebse \u00ebsht\u00eb e angazhuar plot\u00ebsisht ne vijimin e t\u00eb gjitha proceseve reformuese qe ka nd\u00ebrmarr\u00eb, n\u00eb interes t\u00eb shqiptar\u00ebve, n\u00eb rrug\u00ebtimin e integrimit evropian t\u00eb Shqip\u00ebris\u00eb.<\/em><\/p>\n<p>&nbsp;<\/p>\n","protected":false},"excerpt":{"rendered":"<p>Ministrja e Drejt\u00ebsis\u00eb Etilda Gjonaj ka p\u00ebrsh\u00ebndetur\u00a0rekomandimin p\u00ebr hapjen e negociatave nga ana e Komisionit Evropian. N\u00ebp\u00ebrmjet nj\u00eb statusi n\u00eb rrjetin social facebook, ministrja Gjonaj thekson se \u2018\u2019\u00a0rezultatet pozitive t\u00eb procesit reformues n\u00eb drejt\u00ebsi, si nj\u00eb reform\u00eb unikale dhe historike, ka d\u00ebshmuar se jemi t\u00eb vendosur p\u00ebr ti dh\u00ebn\u00eb qytetar\u00ebve shqiptar\u00eb nj\u00eb drejt\u00ebsi t\u00eb pavarur, [&hellip;]<\/p>\n","protected":false},"author":2013,"featured_media":62353,"comment_status":"open","ping_status":"closed","sticky":false,"template":"","format":"standard","meta":{"footnotes":""},"categories":[241,235],"tags":[],"class_list":{"0":"post-86607","1":"post","2":"type-post","3":"status-publish","4":"format-standard","5":"has-post-thumbnail","7":"category-aktualitet","8":"category-vendi"},"_links":{"self":[{"href":"https:\/\/zjarr.tv\/sq\/wp-json\/wp\/v2\/posts\/86607","targetHints":{"allow":["GET"]}}],"collection":[{"href":"https:\/\/zjarr.tv\/sq\/wp-json\/wp\/v2\/posts"}],"about":[{"href":"https:\/\/zjarr.tv\/sq\/wp-json\/wp\/v2\/types\/post"}],"author":[{"embeddable":true,"href":"https:\/\/zjarr.tv\/sq\/wp-json\/wp\/v2\/users\/2013"}],"replies":[{"embeddable":true,"href":"https:\/\/zjarr.tv\/sq\/wp-json\/wp\/v2\/comments?post=86607"}],"version-history":[{"count":0,"href":"https:\/\/zjarr.tv\/sq\/wp-json\/wp\/v2\/posts\/86607\/revisions"}],"wp:featuredmedia":[{"embeddable":true,"href":"https:\/\/zjarr.tv\/sq\/wp-json\/wp\/v2\/media\/62353"}],"wp:attachment":[{"href":"https:\/\/zjarr.tv\/sq\/wp-json\/wp\/v2\/media?parent=86607"}],"wp:term":[{"taxonomy":"category","embeddable":true,"href":"https:\/\/zjarr.tv\/sq\/wp-json\/wp\/v2\/categories?post=86607"},{"taxonomy":"post_tag","embeddable":true,"href":"https:\/\/zjarr.tv\/sq\/wp-json\/wp\/v2\/tags?post=86607"}],"curies":[{"name":"wp","href":"https:\/\/api.w.org\/{rel}","templated":true}]}}