{"id":86609,"date":"2019-05-29T18:12:44","date_gmt":"2019-05-29T16:12:44","guid":{"rendered":"https:\/\/zjarr.tv\/?p=86609"},"modified":"2019-05-29T18:12:44","modified_gmt":"2019-05-29T16:12:44","slug":"soreca-i-dorezon-presidentit-progres-raportin-e-ke","status":"publish","type":"post","link":"https:\/\/zjarr.tv\/sq\/soreca-i-dorezon-presidentit-progres-raportin-e-ke\/","title":{"rendered":"Soreca i dor\u00ebzon presidentit progres raportin e KE"},"content":{"rendered":"<p>Presidenti i Republik\u00ebs Ilir Meta priti n\u00eb takim Ambasadorin e Delegacionit t\u00eb Bashkimit Europian n\u00eb Tiran\u00eb, z. Luigi Soreca, me rastin e publikimit t\u00eb raportit t\u00eb progresit p\u00ebr Shqip\u00ebrin\u00eb nga Komisioni Europian.<\/p>\n<p><em>&#8220;Presidenti mir\u00ebpriti rekomandimin e p\u00ebrs\u00ebritur t\u00eb KE q\u00eb Shqip\u00ebria t\u00eb \u00e7el\u00eb negociatat e an\u00ebtar\u00ebsimit me Bashkimin Europian, me shpres\u00ebn q\u00eb ky rekomandim t\u00eb marr\u00eb edhe miratimin e vendeve an\u00ebtare&#8221; thuhet n\u00eb njoftimin e zyres se shtypit te Presidences.\u00a0\u00a0<\/em><\/p>\n<p>Kreu i Shtetit uroi gjithashtu p\u00ebr fitoren e qart\u00eb t\u00eb forcave pro-europiane gjat\u00eb zgjedhjeve p\u00ebr Parlamentin Europian, si inkurajim p\u00ebr t\u00eb gjitha vendet q\u00eb aspirojn\u00eb integrimin europian.<\/p>\n<p>&nbsp;<\/p>\n","protected":false},"excerpt":{"rendered":"<p>Presidenti i Republik\u00ebs Ilir Meta priti n\u00eb takim Ambasadorin e Delegacionit t\u00eb Bashkimit Europian n\u00eb Tiran\u00eb, z. Luigi Soreca, me rastin e publikimit t\u00eb raportit t\u00eb progresit p\u00ebr Shqip\u00ebrin\u00eb nga Komisioni Europian. &#8220;Presidenti mir\u00ebpriti rekomandimin e p\u00ebrs\u00ebritur t\u00eb KE q\u00eb Shqip\u00ebria t\u00eb \u00e7el\u00eb negociatat e an\u00ebtar\u00ebsimit me Bashkimin Europian, me shpres\u00ebn q\u00eb ky rekomandim t\u00eb [&hellip;]<\/p>\n","protected":false},"author":2013,"featured_media":71038,"comment_status":"open","ping_status":"closed","sticky":false,"template":"","format":"standard","meta":{"footnotes":""},"categories":[241,235],"tags":[],"class_list":{"0":"post-86609","1":"post","2":"type-post","3":"status-publish","4":"format-standard","5":"has-post-thumbnail","7":"category-aktualitet","8":"category-vendi"},"_links":{"self":[{"href":"https:\/\/zjarr.tv\/sq\/wp-json\/wp\/v2\/posts\/86609","targetHints":{"allow":["GET"]}}],"collection":[{"href":"https:\/\/zjarr.tv\/sq\/wp-json\/wp\/v2\/posts"}],"about":[{"href":"https:\/\/zjarr.tv\/sq\/wp-json\/wp\/v2\/types\/post"}],"author":[{"embeddable":true,"href":"https:\/\/zjarr.tv\/sq\/wp-json\/wp\/v2\/users\/2013"}],"replies":[{"embeddable":true,"href":"https:\/\/zjarr.tv\/sq\/wp-json\/wp\/v2\/comments?post=86609"}],"version-history":[{"count":0,"href":"https:\/\/zjarr.tv\/sq\/wp-json\/wp\/v2\/posts\/86609\/revisions"}],"wp:featuredmedia":[{"embeddable":true,"href":"https:\/\/zjarr.tv\/sq\/wp-json\/wp\/v2\/media\/71038"}],"wp:attachment":[{"href":"https:\/\/zjarr.tv\/sq\/wp-json\/wp\/v2\/media?parent=86609"}],"wp:term":[{"taxonomy":"category","embeddable":true,"href":"https:\/\/zjarr.tv\/sq\/wp-json\/wp\/v2\/categories?post=86609"},{"taxonomy":"post_tag","embeddable":true,"href":"https:\/\/zjarr.tv\/sq\/wp-json\/wp\/v2\/tags?post=86609"}],"curies":[{"name":"wp","href":"https:\/\/api.w.org\/{rel}","templated":true}]}}