{"id":86611,"date":"2019-05-29T18:24:25","date_gmt":"2019-05-29T16:24:25","guid":{"rendered":"https:\/\/zjarr.tv\/?p=86611"},"modified":"2019-05-29T18:24:25","modified_gmt":"2019-05-29T16:24:25","slug":"manjani-rames-si-u-hapkan-negociatat-duke-mbyllur-gojen-kur-vendi-zien-ne-krim-e-droge","status":"publish","type":"post","link":"https:\/\/zjarr.tv\/sq\/manjani-rames-si-u-hapkan-negociatat-duke-mbyllur-gojen-kur-vendi-zien-ne-krim-e-droge\/","title":{"rendered":"Manjani-Ram\u00ebs: Si u hapkan negociatat duke mbyllur goj\u00ebn, kur vendi zien n\u00eb krim e drog\u00eb?!"},"content":{"rendered":"<p>N\u00eb konferenc\u00ebn e p\u00ebrbashk\u00ebt me ambasadorin e BE-s\u00eb, Luigi Soreca kryeministri Edi Rama tha se vendimtar p\u00ebr \u00e7eljen e negociatave pritet t\u00eb jet\u00eb vendimi i K\u00ebshillit t\u00eb Euop\u00ebs, por n\u00eb k\u00ebt\u00eb pik\u00eb, ai e kaloi topin n\u00eb fush\u00ebn e opozit\u00ebs.<\/p>\n<p>Rama tha se \u00ebsht\u00eb ekuacion i panjohur ajo se \u00e7far\u00eb do t\u00eb b\u00ebj\u00eb opozita, pasi n\u00ebse do ta dinin Shqip\u00ebris\u00eb do t\u2019i hapeshin negociatat 100% brenda vitit.<\/p>\n<p>Por q\u00ebndrimit t\u00eb kryeministrit i \u00ebsht\u00eb p\u00ebrgjigjur ish-ministri i drejt\u00ebsis\u00eb, Ylli Manjani.<\/p>\n<p>P\u00ebrmes nj\u00eb postimi n\u00eb rrjetet sociale, n\u00ebn titullin \u201c\u00e7\u00ebshtje q\u00eb kryeministri duhet ti sqaroj\u00eb me veten si fillim\u201d, Manjani, nd\u00ebr t\u00eb tjera, pyet: Si u hapkan negociatat duke mbyllur goj\u00ebn, kur vendi zien n\u00eb krim e drog\u00eb?!<\/p>\n<p><strong>Postimi i plot\u00eb i Ylli Manjanit:<\/strong><\/p>\n<p>\u00c7\u00ebshtje q\u00eb Kryeministri duhet ti sqaroj\u00eb me veten si fillim.<\/p>\n<p>Kryeministri, me rastin e marrjes s\u00eb p\u00ebrs\u00ebritur t\u00eb vendimit pa vler\u00eb t\u00eb hapjes s\u00eb negociatave shpalosi edhe nj\u00ebher\u00eb p\u00ebrmbledhtas kontradiktat me t\u00eb cilat Ai b\u00ebn politik\u00eb.<\/p>\n<ol>\n<li>Shqip\u00ebria ka b\u00ebr\u00eb progres n\u00eb reforma, pavar\u00ebsisht faktit (jo at\u00eb q\u00eb thot\u00eb kritika) se vendi \u00ebsht\u00eb pa Gjykata.<br \/>\nCila reform\u00eb na paska dh\u00ebn\u00eb kaq sukses?! Koncensionet apo pastrimi i parave n\u00eb nd\u00ebrtime masive?! Cili nga t\u00eb mbrojturit prej Tij u hetua, gjykua dhe d\u00ebnua?! (Flas p\u00ebr ato q\u00eb ja k\u00ebrkon prej koh\u00ebsh per\u00ebndimi).<\/li>\n<li>Lulzim Basha duhet duhet t\u00eb heq\u00eb dor\u00eb nga protestat, t\u00eb marr\u00eb pjes\u00eb n\u00eb zgjedhje, por zgjedhjet nuk shtyhen e madje as komisioner\u00ebt e PD e LSI nuk pranohen.<\/li>\n<\/ol>\n<p>P\u00ebr \u00e7far\u00eb e do dialogun at\u00ebhere?! T\u00eb protestosh p\u00ebr demokraci, t\u00eb b\u00ebn anti-shqip\u00ebri?! T\u00eb plot\u00ebsosh detyrimet ligjore p\u00ebr t\u00eb d\u00ebrguar komisioner\u00eb, quhet herezi?!<\/p>\n<p>Po Ai b\u00ebri grev\u00eb urie n\u00eb 2009, kur pritej liberalizimi i vizave, e vetmja gj\u00eb q\u00eb po i shijojm\u00eb BE-s\u00eb&#8230;<\/p>\n<p>Si u hapkan negociatat duke mbyllur goj\u00ebn, kur vendi zien n\u00eb krim e drog\u00eb?!<\/p>\n<ol start=\"3\">\n<li>Kushtetuta nuk e lejon t\u00eb shtyj\u00eb zgjedhjet, por kur Presidenti thot\u00eb se \u00ebsht\u00eb gati Ai thot\u00eb:Jo s&#8217;du!<\/li>\n<\/ol>\n<p>Pra kush nuk lejon gjetjen e zgjidhjes politike, Ai apo Kushtetuta?!<br \/>\n\u00c7&#8217;e pengon Kryeministrin t\u00eb ndjek\u00eb modelin Kurz, Tzipras, apo edhe Gruevski e Vu\u00e7i\u00e7?!<\/p>\n<ol start=\"4\">\n<li>Protestat e opozit\u00ebs nuk jan\u00eb t\u00eb popullit. Kjo \u00ebsht\u00eb teoria m\u00eb gjigande e Ti.<\/li>\n<\/ol>\n<p>Duhet ta ndaj\u00eb nj\u00ebher\u00eb e mir\u00eb dilem\u00ebn: opozita \u00ebsht\u00eb pjes\u00eb e popullit apo gjith\u00eb ai popull q\u00eb proteston pa u lodhur \u00ebsht\u00eb nj\u00eb opozit\u00eb e madhe!<br \/>\nReklam\u00eb m\u00eb t\u00eb madhe p\u00ebr nj\u00eb opozit\u00eb sesa kjo q\u00eb b\u00ebn Kryeministri nuk ka!<\/p>\n<p>Si ka mund\u00ebsi q\u00eb e mendon &#8220;t\u00eb shkrir\u00eb&#8221; k\u00ebt\u00eb opozit\u00eb q\u00eb,megjithse &#8220;nuk \u00ebsht\u00eb popull&#8221; arrin ta shqet\u00ebsoj\u00eb Kryeministrin, i cili popullin e di platform\u00eb dixhitale e Shqip\u00ebris\u00eb q\u00eb do&#8230;!<\/p>\n<ol start=\"5\">\n<li>Kryeministri mendon se i meriton negociatat (a thua se i ka p\u00ebr sht\u00ebpin\u00eb e vet), por Europa politike nuk \u00ebsht\u00eb dakort.<\/li>\n<\/ol>\n<p>Po k\u00eb p\u00ebrpiqet t\u00eb bind\u00eb ky, n\u00ebse nuk bind Europ\u00ebn politike?! \u00cbsht\u00eb Kryeminist\u00ebr apo fondacion ky njeri?!<\/p>\n<p>N\u00ebse me Reformat (n\u00eb fakt anti reformat) e Hahn e Mogherinit nuk bindin dot Europ\u00ebn Politike, kujt i ankohen k\u00ebta t\u00eb gjith\u00eb?!<\/p>\n<p>\u00c7faj ka Shqip\u00ebria, p\u00ebrfshi dhe opozit\u00ebn, e cila i dha mb\u00ebshtje me deri n\u00eb irracionalitet \u00e7do pisll\u00ebku q\u00eb u shit si reform\u00eb?!<\/p>\n<p>\u00c7faj ka Shqip\u00ebria, q\u00eb nd\u00ebrkomb\u00ebtarisht u detyrua t\u00eb g\u00eblltis\u00eb edhe nj\u00ebher\u00eb turpin e t\u00eb ecurit n\u00eb rrug\u00eb t\u00eb pashkelura, kur shpikjet u qujt\u00ebn reforma unike nga Lu e Vllahutin?!<\/p>\n<p>Hapini pra ato negociata,pse s&#8217;b\u00ebni?! Shqip\u00ebria b\u00ebri \u00e7&#8217;i that\u00eb ju.<\/p>\n<ol start=\"5\">\n<li>M\u00eb n\u00eb fund, na jan\u00eb hapur prap negociatat q\u00eb na u hapen vitin q\u00eb shkoi?!<\/li>\n<\/ol>\n<p>A na u hap\u00ebn, u hap\u00ebn e na u mbyll\u00ebn apo nuk na jan\u00eb hapur ende?!<\/p>\n<p>E k\u00ebshilloj ta ndaj\u00eb mendjen se i ka r\u00ebn\u00eb llogjika e komunikimit publik p\u00ebrtok\u00eb.<\/p>\n<p>Qesharak komplet!<\/p>\n<p>&nbsp;<\/p>\n","protected":false},"excerpt":{"rendered":"<p>N\u00eb konferenc\u00ebn e p\u00ebrbashk\u00ebt me ambasadorin e BE-s\u00eb, Luigi Soreca kryeministri Edi Rama tha se vendimtar p\u00ebr \u00e7eljen e negociatave pritet t\u00eb jet\u00eb vendimi i K\u00ebshillit t\u00eb Euop\u00ebs, por n\u00eb k\u00ebt\u00eb pik\u00eb, ai e kaloi topin n\u00eb fush\u00ebn e opozit\u00ebs. Rama tha se \u00ebsht\u00eb ekuacion i panjohur ajo se \u00e7far\u00eb do t\u00eb b\u00ebj\u00eb opozita, pasi [&hellip;]<\/p>\n","protected":false},"author":2013,"featured_media":56686,"comment_status":"open","ping_status":"closed","sticky":false,"template":"","format":"standard","meta":{"footnotes":""},"categories":[241,235],"tags":[],"class_list":{"0":"post-86611","1":"post","2":"type-post","3":"status-publish","4":"format-standard","5":"has-post-thumbnail","7":"category-aktualitet","8":"category-vendi"},"_links":{"self":[{"href":"https:\/\/zjarr.tv\/sq\/wp-json\/wp\/v2\/posts\/86611","targetHints":{"allow":["GET"]}}],"collection":[{"href":"https:\/\/zjarr.tv\/sq\/wp-json\/wp\/v2\/posts"}],"about":[{"href":"https:\/\/zjarr.tv\/sq\/wp-json\/wp\/v2\/types\/post"}],"author":[{"embeddable":true,"href":"https:\/\/zjarr.tv\/sq\/wp-json\/wp\/v2\/users\/2013"}],"replies":[{"embeddable":true,"href":"https:\/\/zjarr.tv\/sq\/wp-json\/wp\/v2\/comments?post=86611"}],"version-history":[{"count":0,"href":"https:\/\/zjarr.tv\/sq\/wp-json\/wp\/v2\/posts\/86611\/revisions"}],"wp:featuredmedia":[{"embeddable":true,"href":"https:\/\/zjarr.tv\/sq\/wp-json\/wp\/v2\/media\/56686"}],"wp:attachment":[{"href":"https:\/\/zjarr.tv\/sq\/wp-json\/wp\/v2\/media?parent=86611"}],"wp:term":[{"taxonomy":"category","embeddable":true,"href":"https:\/\/zjarr.tv\/sq\/wp-json\/wp\/v2\/categories?post=86611"},{"taxonomy":"post_tag","embeddable":true,"href":"https:\/\/zjarr.tv\/sq\/wp-json\/wp\/v2\/tags?post=86611"}],"curies":[{"name":"wp","href":"https:\/\/api.w.org\/{rel}","templated":true}]}}