{"id":86625,"date":"2019-05-29T18:47:58","date_gmt":"2019-05-29T16:47:58","guid":{"rendered":"https:\/\/zjarr.tv\/?p=86625"},"modified":"2019-05-29T18:47:58","modified_gmt":"2019-05-29T16:47:58","slug":"itali-di-maio-ve-ne-pikepyetje-rolin-si-lider-i-l5y","status":"publish","type":"post","link":"https:\/\/zjarr.tv\/sq\/itali-di-maio-ve-ne-pikepyetje-rolin-si-lider-i-l5y\/","title":{"rendered":"Itali, Di Maio v\u00eb n\u00eb pik\u00ebpyetje rolin si lider i L5Y"},"content":{"rendered":"<p>Luigi Di Maio, lideri i L\u00ebvizjes 5 Yjet (L5Y, antisistem) njoftoi sot se do t\u00eb vinte n\u00eb dispozicion mandatin e tij si lider p\u00ebr votim n\u00eb asamblen\u00eb e partis\u00eb, pas disfat\u00ebs s\u00eb L5Y n\u00eb zgjedhjet europiane.<\/p>\n<p>L5Y sh\u00ebnoi humbje n\u00eb zgjedhjet europiane t\u00eb s\u00eb diel\u00ebs, duke fituar m\u00eb pak se 18% nd\u00ebrsa kjo forc\u00eb i tejkaloi t\u00eb 32% n\u00eb zgjedhjet legjislative t\u00eb marsit 2018.<\/p>\n<p>Lega, partia e ekstremit t\u00eb djatht\u00eb t\u00eb Matteo Salvini me t\u00eb cil\u00ebn ai \u00ebsht\u00eb n\u00eb koalicionin qeveris\u00ebs ia doli t\u00eb triumfoj\u00eb me 34% t\u00eb votave n\u00eb zgjedhjet europiane, ose dy her\u00eb m\u00eb shum\u00eb se legjislativet e fundit.<\/p>\n<p>\u2018\u2019Para \u00e7do vendimi, un\u00eb dua t\u00eb d\u00ebgjoj z\u00ebrin e qytetar\u00ebve q\u00eb m\u00eb votuan si lider politik disa vite m\u00eb par\u00eb\u2019\u2019, shkruan Di Maio n\u00eb web-in e L5Y.<\/p>\n<p>\u201dDo t\u00eb jet\u00eb L5Y n\u00eb t\u00ebr\u00ebsin\u00eb e saj q\u00eb do t\u00eb vendos\u00eb. N\u00ebse partia m\u00eb rinovon besimin, ne do t\u00eb nisim nga puna, dhe un\u00eb personalisht me m\u00eb shum\u00eb angazhime dhe devocion. Pyetja q\u00eb do t\u00eb parashtrohet do t\u00eb jet\u00eb: A e konfirmoni Luigi Di Maio si lider politik t\u00eb L5Y-s\u00eb\u2019\u2019, p\u00ebrfundon ai.<\/p>\n<p>&nbsp;<\/p>\n","protected":false},"excerpt":{"rendered":"<p>Luigi Di Maio, lideri i L\u00ebvizjes 5 Yjet (L5Y, antisistem) njoftoi sot se do t\u00eb vinte n\u00eb dispozicion mandatin e tij si lider p\u00ebr votim n\u00eb asamblen\u00eb e partis\u00eb, pas disfat\u00ebs s\u00eb L5Y n\u00eb zgjedhjet europiane. L5Y sh\u00ebnoi humbje n\u00eb zgjedhjet europiane t\u00eb s\u00eb diel\u00ebs, duke fituar m\u00eb pak se 18% nd\u00ebrsa kjo forc\u00eb i [&hellip;]<\/p>\n","protected":false},"author":2013,"featured_media":86626,"comment_status":"open","ping_status":"closed","sticky":false,"template":"","format":"standard","meta":{"footnotes":""},"categories":[241,191],"tags":[],"class_list":{"0":"post-86625","1":"post","2":"type-post","3":"status-publish","4":"format-standard","5":"has-post-thumbnail","7":"category-aktualitet","8":"category-bota"},"_links":{"self":[{"href":"https:\/\/zjarr.tv\/sq\/wp-json\/wp\/v2\/posts\/86625","targetHints":{"allow":["GET"]}}],"collection":[{"href":"https:\/\/zjarr.tv\/sq\/wp-json\/wp\/v2\/posts"}],"about":[{"href":"https:\/\/zjarr.tv\/sq\/wp-json\/wp\/v2\/types\/post"}],"author":[{"embeddable":true,"href":"https:\/\/zjarr.tv\/sq\/wp-json\/wp\/v2\/users\/2013"}],"replies":[{"embeddable":true,"href":"https:\/\/zjarr.tv\/sq\/wp-json\/wp\/v2\/comments?post=86625"}],"version-history":[{"count":0,"href":"https:\/\/zjarr.tv\/sq\/wp-json\/wp\/v2\/posts\/86625\/revisions"}],"wp:featuredmedia":[{"embeddable":true,"href":"https:\/\/zjarr.tv\/sq\/wp-json\/wp\/v2\/media\/86626"}],"wp:attachment":[{"href":"https:\/\/zjarr.tv\/sq\/wp-json\/wp\/v2\/media?parent=86625"}],"wp:term":[{"taxonomy":"category","embeddable":true,"href":"https:\/\/zjarr.tv\/sq\/wp-json\/wp\/v2\/categories?post=86625"},{"taxonomy":"post_tag","embeddable":true,"href":"https:\/\/zjarr.tv\/sq\/wp-json\/wp\/v2\/tags?post=86625"}],"curies":[{"name":"wp","href":"https:\/\/api.w.org\/{rel}","templated":true}]}}