{"id":86631,"date":"2019-05-29T18:51:12","date_gmt":"2019-05-29T16:51:12","guid":{"rendered":"https:\/\/zjarr.tv\/?p=86631"},"modified":"2019-05-29T18:51:12","modified_gmt":"2019-05-29T16:51:12","slug":"psg-e-barcelona-pergatisin-shkembimin-e-bujshem","status":"publish","type":"post","link":"https:\/\/zjarr.tv\/sq\/psg-e-barcelona-pergatisin-shkembimin-e-bujshem\/","title":{"rendered":"PSG e Barcelona p\u00ebrgatisin shk\u00ebmbimin e bujsh\u00ebm"},"content":{"rendered":"<p>Barcelona dhe Paris Saint-Germain jan\u00eb duke negociuar nj\u00eb marr\u00ebveshje q\u00eb mund t\u00eb befasoj\u00eb tregun: nj\u00eb kthim n\u00eb &#8220;Camp Nou&#8221; p\u00ebr Neymar dhe Ousmane Demb\u00e9l\u00e9 q\u00eb merr drejtimin e kund\u00ebrt.<\/p>\n<p>Negociatat jan\u00eb n\u00eb nj\u00eb &#8220;faz\u00eb shum\u00eb t\u00eb hershme&#8221; dhe marr\u00ebveshja do t\u00eb ishte &#8220;shum\u00eb e komplikuar&#8221;, por mediat n\u00eb Spanj\u00eb besojn\u00eb se ky transferimi mund t\u00eb realizohet. N\u00eb skuadr\u00ebn katalanase dhe n\u00eb ve\u00e7anti Lionel Messi thuhet se jan\u00eb pro k\u00ebsaj l\u00ebvizje, edhe pse tifoz\u00ebt duket se nuk jan\u00eb t\u00eb gatsh\u00ebm t\u00eb falin Neymar p\u00ebr largimin e tij nga Bar\u00e7a.<\/p>\n<p>Braziliani u largua n\u00eb merkaton e ver\u00ebs t\u00eb 2017 duke i l\u00ebn\u00eb tifoz\u00ebt e Barcelon\u00ebs mjaft t\u00eb hidh\u00ebruar, pasi ai u transferua p\u00ebr nj\u00eb shum\u00eb rekord prej 222 milon\u00eb euro tek PSG, \u00a0q\u00eb e pa klubin francez t\u00eb paguante klauzol\u00ebn e tij t\u00eb largimit duke hedhur posht\u00eb t\u00eb gjitha negociatat.<\/p>\n<p>Aventura e tij n\u00eb Franc\u00eb, megjithat\u00eb \u00ebsht\u00eb takuar me shum\u00eb zhg\u00ebnjime dhe sulmuesi thuhet se \u00ebsht\u00eb i pak\u00ebnaqur tek PSG dhe d\u00ebshiron t\u00eb kthehet n\u00eb La Liga. Demb\u00e9l\u00e9 shkoi n\u00eb Barcelon\u00eb po at\u00eb vit dhe megjith\u00ebse ka pasur momentet e tij t\u00eb mira, ai nuk ka arritur t\u00eb ket\u00eb impaktin q\u00eb t\u00eb gjith\u00eb prisnin , kjo p\u00ebr shkak edhe t\u00eb d\u00ebmtimeve.<\/p>\n<p>Ylli francez thuhet se ka pasur oferta nga PSG n\u00eb t\u00eb kaluar\u00ebn, por mbetet p\u00ebr t&#8217;u par\u00eb n\u00ebse parizien\u00ebt do t\u00eb ishin t\u00eb gatsh\u00ebm ta pranonin at\u00eb si pjes\u00eb t\u00eb marr\u00ebveshjes p\u00ebr largimin e Neymar. Nj\u00eb faktor tjet\u00ebr p\u00ebr t&#8217;u marr\u00eb parasysh \u00ebsht\u00eb pezullimi me tre ndeshje i Neymar n\u00eb Champions League sezonin e ardhsh\u00ebm, i cili reagoi keq kund\u00ebr gjyqtarit, pas eliminimit t\u00eb PSG nga Manchester United.<\/p>\n<p>&nbsp;<\/p>\n","protected":false},"excerpt":{"rendered":"<p>Barcelona dhe Paris Saint-Germain jan\u00eb duke negociuar nj\u00eb marr\u00ebveshje q\u00eb mund t\u00eb befasoj\u00eb tregun: nj\u00eb kthim n\u00eb &#8220;Camp Nou&#8221; p\u00ebr Neymar dhe Ousmane Demb\u00e9l\u00e9 q\u00eb merr drejtimin e kund\u00ebrt. Negociatat jan\u00eb n\u00eb nj\u00eb &#8220;faz\u00eb shum\u00eb t\u00eb hershme&#8221; dhe marr\u00ebveshja do t\u00eb ishte &#8220;shum\u00eb e komplikuar&#8221;, por mediat n\u00eb Spanj\u00eb besojn\u00eb se ky transferimi mund t\u00eb [&hellip;]<\/p>\n","protected":false},"author":2013,"featured_media":86632,"comment_status":"open","ping_status":"closed","sticky":false,"template":"","format":"standard","meta":{"footnotes":""},"categories":[241,192],"tags":[],"class_list":{"0":"post-86631","1":"post","2":"type-post","3":"status-publish","4":"format-standard","5":"has-post-thumbnail","7":"category-aktualitet","8":"category-sport"},"_links":{"self":[{"href":"https:\/\/zjarr.tv\/sq\/wp-json\/wp\/v2\/posts\/86631","targetHints":{"allow":["GET"]}}],"collection":[{"href":"https:\/\/zjarr.tv\/sq\/wp-json\/wp\/v2\/posts"}],"about":[{"href":"https:\/\/zjarr.tv\/sq\/wp-json\/wp\/v2\/types\/post"}],"author":[{"embeddable":true,"href":"https:\/\/zjarr.tv\/sq\/wp-json\/wp\/v2\/users\/2013"}],"replies":[{"embeddable":true,"href":"https:\/\/zjarr.tv\/sq\/wp-json\/wp\/v2\/comments?post=86631"}],"version-history":[{"count":0,"href":"https:\/\/zjarr.tv\/sq\/wp-json\/wp\/v2\/posts\/86631\/revisions"}],"wp:featuredmedia":[{"embeddable":true,"href":"https:\/\/zjarr.tv\/sq\/wp-json\/wp\/v2\/media\/86632"}],"wp:attachment":[{"href":"https:\/\/zjarr.tv\/sq\/wp-json\/wp\/v2\/media?parent=86631"}],"wp:term":[{"taxonomy":"category","embeddable":true,"href":"https:\/\/zjarr.tv\/sq\/wp-json\/wp\/v2\/categories?post=86631"},{"taxonomy":"post_tag","embeddable":true,"href":"https:\/\/zjarr.tv\/sq\/wp-json\/wp\/v2\/tags?post=86631"}],"curies":[{"name":"wp","href":"https:\/\/api.w.org\/{rel}","templated":true}]}}