{"id":86638,"date":"2019-05-29T19:00:05","date_gmt":"2019-05-29T17:00:05","guid":{"rendered":"https:\/\/zjarr.tv\/?p=86638"},"modified":"2019-05-29T19:00:05","modified_gmt":"2019-05-29T17:00:05","slug":"kosovaret-bejne-pushime-ne-shqiperi-policite-e-dy-vendeve-nenshkruajne-memorandum","status":"publish","type":"post","link":"https:\/\/zjarr.tv\/sq\/kosovaret-bejne-pushime-ne-shqiperi-policite-e-dy-vendeve-nenshkruajne-memorandum\/","title":{"rendered":"Kosovar\u00ebt b\u00ebjn\u00eb pushime n\u00eb Shqip\u00ebri, policit\u00eb e dy vendeve n\u00ebnshkruajn\u00eb \u201cMemorandum\u201d"},"content":{"rendered":"<p>Drejtori i P\u00ebrgjithsh\u00ebm i Policis\u00eb s\u00eb Shtetit Ardi Veliu dhe Drejtori i P\u00ebrgjithsh\u00ebm i Policis\u00eb s\u00eb Kosov\u00ebs, Rashit Qalaj firmos\u00ebn &#8220;Memorandumin e bashk\u00ebpunimit p\u00ebr organizimin e sh\u00ebrbimeve t\u00eb p\u00ebrbashk\u00ebta t\u00eb policimit rrugor mes Policis\u00eb s\u00eb Kosov\u00ebs dhe Policis\u00eb s\u00eb Shtetit Shqiptar, n\u00eb territorin e Republik\u00ebs s\u00eb Shqip\u00ebris\u00eb p\u00ebr sezonin turistik veror 2019&#8221;, n\u00eb Prizren.<\/p>\n<p>Ky Memorandum mori spunto nisur nga fakti se gjat\u00eb sezonit turistik ka nj\u00eb rritje t\u00eb ndjeshme t\u00eb numrit t\u00eb shtetasve nga Kosova, q\u00eb vijn\u00eb p\u00ebr pushime n\u00eb zonat turistike t\u00eb Shqip\u00ebris\u00eb, si dhe nj\u00eb num\u00ebr mjetesh rrugore t\u00eb Kosov\u00ebs q\u00eb qarkullojn\u00eb n\u00eb akset kryesore rrugore q\u00eb lidhin t\u00eb dy vendet tona.<\/p>\n<p>Ky Memorandum thekson r\u00ebnd\u00ebsin\u00eb dhe nevoj\u00ebn e bashk\u00ebpunimit mes dy agjencive policore n\u00eb fush\u00ebn e trafikut rrugor p\u00ebr parandalimin e shkeljeve dhe rritjen e siguris\u00eb rrugore, uljen e numrit t\u00eb ngjarjeve rrugore dhe zbatimin me rigorozitet t\u00eb legjislacionit rrugor, duke krijuar nj\u00eb mjedis m\u00eb t\u00eb sigurt p\u00ebr t\u00eb gjith\u00eb qytetar\u00ebt dhe p\u00ebrdoruesit e rrug\u00ebs, q\u00eb qarkullojn\u00eb n\u00eb akset rrugore q\u00eb lidhin dy vendet tona.<\/p>\n<p>Punonj\u00ebsit e Policis\u00eb s\u00eb Kosov\u00ebs, s\u00eb bashku me punonj\u00ebsit e Policis\u00eb Rrugore t\u00eb Policis\u00eb s\u00eb Shtetit, nga 1 korriku deri n\u00eb 31 gusht 2019, do t\u00eb kryejn\u00eb sh\u00ebrbime t\u00eb p\u00ebrbashk\u00ebta n\u00eb territorin shqiptar.<\/p>\n<p>Policia e Kosov\u00ebs, gjat\u00eb kryerjes s\u00eb detyrave funksionale, nuk do t\u00eb ket\u00eb kompetenca policore ekzekutive dhe nuk do t\u00eb mund t\u00eb nd\u00ebrmerren aktivitete, p\u00ebr t\u00eb cilat \u00ebsht\u00eb kompetent oficeri i pal\u00ebs prit\u00ebse.<\/p>\n<p>Gjat\u00eb sh\u00ebrbimit punonj\u00ebsit e Policis\u00eb s\u00eb Kosov\u00ebs do t\u00eb kryejn\u00eb sh\u00ebrbimin me uniform\u00eb, makina t\u00eb loguara dhe logjistik\u00eb sipas standardeve t\u00eb Policis\u00eb s\u00eb Kosov\u00ebs.<\/p>\n<p>&nbsp;<\/p>\n","protected":false},"excerpt":{"rendered":"<p>Drejtori i P\u00ebrgjithsh\u00ebm i Policis\u00eb s\u00eb Shtetit Ardi Veliu dhe Drejtori i P\u00ebrgjithsh\u00ebm i Policis\u00eb s\u00eb Kosov\u00ebs, Rashit Qalaj firmos\u00ebn &#8220;Memorandumin e bashk\u00ebpunimit p\u00ebr organizimin e sh\u00ebrbimeve t\u00eb p\u00ebrbashk\u00ebta t\u00eb policimit rrugor mes Policis\u00eb s\u00eb Kosov\u00ebs dhe Policis\u00eb s\u00eb Shtetit Shqiptar, n\u00eb territorin e Republik\u00ebs s\u00eb Shqip\u00ebris\u00eb p\u00ebr sezonin turistik veror 2019&#8221;, n\u00eb Prizren. Ky [&hellip;]<\/p>\n","protected":false},"author":2013,"featured_media":86639,"comment_status":"open","ping_status":"closed","sticky":false,"template":"","format":"standard","meta":{"footnotes":""},"categories":[241,235],"tags":[],"class_list":{"0":"post-86638","1":"post","2":"type-post","3":"status-publish","4":"format-standard","5":"has-post-thumbnail","7":"category-aktualitet","8":"category-vendi"},"_links":{"self":[{"href":"https:\/\/zjarr.tv\/sq\/wp-json\/wp\/v2\/posts\/86638","targetHints":{"allow":["GET"]}}],"collection":[{"href":"https:\/\/zjarr.tv\/sq\/wp-json\/wp\/v2\/posts"}],"about":[{"href":"https:\/\/zjarr.tv\/sq\/wp-json\/wp\/v2\/types\/post"}],"author":[{"embeddable":true,"href":"https:\/\/zjarr.tv\/sq\/wp-json\/wp\/v2\/users\/2013"}],"replies":[{"embeddable":true,"href":"https:\/\/zjarr.tv\/sq\/wp-json\/wp\/v2\/comments?post=86638"}],"version-history":[{"count":0,"href":"https:\/\/zjarr.tv\/sq\/wp-json\/wp\/v2\/posts\/86638\/revisions"}],"wp:featuredmedia":[{"embeddable":true,"href":"https:\/\/zjarr.tv\/sq\/wp-json\/wp\/v2\/media\/86639"}],"wp:attachment":[{"href":"https:\/\/zjarr.tv\/sq\/wp-json\/wp\/v2\/media?parent=86638"}],"wp:term":[{"taxonomy":"category","embeddable":true,"href":"https:\/\/zjarr.tv\/sq\/wp-json\/wp\/v2\/categories?post=86638"},{"taxonomy":"post_tag","embeddable":true,"href":"https:\/\/zjarr.tv\/sq\/wp-json\/wp\/v2\/tags?post=86638"}],"curies":[{"name":"wp","href":"https:\/\/api.w.org\/{rel}","templated":true}]}}