{"id":86641,"date":"2019-05-29T19:01:36","date_gmt":"2019-05-29T17:01:36","guid":{"rendered":"https:\/\/zjarr.tv\/?p=86641"},"modified":"2019-05-29T19:01:36","modified_gmt":"2019-05-29T17:01:36","slug":"vasili-rekomandimet-qe-nuk-hapen-kurre-negociatat","status":"publish","type":"post","link":"https:\/\/zjarr.tv\/sq\/vasili-rekomandimet-qe-nuk-hapen-kurre-negociatat\/","title":{"rendered":"Vasili: Rekomandimet q\u00eb nuk hap\u00ebn kurr\u00eb negociatat"},"content":{"rendered":"<p>Kreu i Grupit Parlamentar t\u00eb LSI-s\u00eb, Petrit Vasili ka komentuar sot raportin e publikuar nga Komsioni Europian. P\u00ebrmes nj\u00eb postimi n\u00eb Facebook, Vasili nuk kursen ironin\u00eb drejtuar Mogherinit dhe Hahn, ku edhe i falenderon p\u00ebr rekomandimet q\u00eb nuk hap\u00ebn kurr\u00eb negociatat.<\/p>\n<p>Nd\u00ebr t\u00eb tjera, Vasili komenton edhe situat\u00ebn aktuale t\u00eb vendit nd\u00ebrsa rendit q\u00eb nj\u00eb pjes\u00eb e mir\u00eb e institucioneve t\u00eb vendit jan\u00eb n\u00eb kolaps total.<\/p>\n<p>\u201cMogerini dhe Hanh ju faleminderit per rekomandimet,qe nuk hap\u00ebn kurr\u00eb negociatat!?<\/p>\n<p>Ne konferencen melankolike,te nje lamtumire pa lavdi Mogerini dhe Hanh folen per rekomandimin e radhes dhe per reformen ne drejtesi ne Shqiperi e per suksesin e saj te \u201cpapare\u201d te kesaj reforme.<\/p>\n<p>Eshte vendi per ti \u201cfalenderuar\u201d pa fund per kete vleresim sepse vertet i papare ishte suksesi i saj i madh i reformes ne drejtesi sepse:<\/p>\n<p>-Shqiperia nuk ka as Gjykate Kushtetuese,<\/p>\n<p>-nuk ka as Gjykate te Larte,<\/p>\n<p>-nuk ka as Inspektor te pergjithshem te drejtesise,<\/p>\n<p>-ka nje Veting me dy standarte te demaskuar edhe nga organizmat jo qeveritare,<\/p>\n<p>-ka anetare te vete komisioneve te Vetingut qe jane pa asnje integritet e te kompromentuar<\/p>\n<p>-ka mbi 50% te anetareve te KLGJ dhe KLP me standarte shume te ulta, qe rrenojne imazhin e drejtesise se \u201cre\u201d.<\/p>\n<p>-te gjithe anetaret e KLGJ dhe KLP te refuzuar nga ONM u miratuan nga rilindja<\/p>\n<p>-qe mbi 63% e shqiptareve nuk kane me besim te kjo reforme.<\/p>\n<p>Keto arritje te nje reforme ne drejtesi te abortuar i \u201cmeritojne\u201d levdatat e Mogerinit dhe Hanh.<\/p>\n<p>Edhe nje falenderim perfundimtar.<\/p>\n<p>Faleminderit Mogerinit dhe Hanh per rekomandimet e pervitshme,por qe nuk na i hapen asnje here negociatat per anetaresim\u201d-shkruan Vasili.<\/p>\n<p>&nbsp;<\/p>\n","protected":false},"excerpt":{"rendered":"<p>Kreu i Grupit Parlamentar t\u00eb LSI-s\u00eb, Petrit Vasili ka komentuar sot raportin e publikuar nga Komsioni Europian. P\u00ebrmes nj\u00eb postimi n\u00eb Facebook, Vasili nuk kursen ironin\u00eb drejtuar Mogherinit dhe Hahn, ku edhe i falenderon p\u00ebr rekomandimet q\u00eb nuk hap\u00ebn kurr\u00eb negociatat. Nd\u00ebr t\u00eb tjera, Vasili komenton edhe situat\u00ebn aktuale t\u00eb vendit nd\u00ebrsa rendit q\u00eb nj\u00eb [&hellip;]<\/p>\n","protected":false},"author":2013,"featured_media":70175,"comment_status":"open","ping_status":"closed","sticky":false,"template":"","format":"standard","meta":{"footnotes":""},"categories":[241,235],"tags":[],"class_list":{"0":"post-86641","1":"post","2":"type-post","3":"status-publish","4":"format-standard","5":"has-post-thumbnail","7":"category-aktualitet","8":"category-vendi"},"_links":{"self":[{"href":"https:\/\/zjarr.tv\/sq\/wp-json\/wp\/v2\/posts\/86641","targetHints":{"allow":["GET"]}}],"collection":[{"href":"https:\/\/zjarr.tv\/sq\/wp-json\/wp\/v2\/posts"}],"about":[{"href":"https:\/\/zjarr.tv\/sq\/wp-json\/wp\/v2\/types\/post"}],"author":[{"embeddable":true,"href":"https:\/\/zjarr.tv\/sq\/wp-json\/wp\/v2\/users\/2013"}],"replies":[{"embeddable":true,"href":"https:\/\/zjarr.tv\/sq\/wp-json\/wp\/v2\/comments?post=86641"}],"version-history":[{"count":0,"href":"https:\/\/zjarr.tv\/sq\/wp-json\/wp\/v2\/posts\/86641\/revisions"}],"wp:featuredmedia":[{"embeddable":true,"href":"https:\/\/zjarr.tv\/sq\/wp-json\/wp\/v2\/media\/70175"}],"wp:attachment":[{"href":"https:\/\/zjarr.tv\/sq\/wp-json\/wp\/v2\/media?parent=86641"}],"wp:term":[{"taxonomy":"category","embeddable":true,"href":"https:\/\/zjarr.tv\/sq\/wp-json\/wp\/v2\/categories?post=86641"},{"taxonomy":"post_tag","embeddable":true,"href":"https:\/\/zjarr.tv\/sq\/wp-json\/wp\/v2\/tags?post=86641"}],"curies":[{"name":"wp","href":"https:\/\/api.w.org\/{rel}","templated":true}]}}