{"id":86645,"date":"2019-05-30T12:12:14","date_gmt":"2019-05-30T10:12:14","guid":{"rendered":"https:\/\/zjarr.tv\/?p=86645"},"modified":"2019-05-30T12:12:14","modified_gmt":"2019-05-30T10:12:14","slug":"bushati-zberthen-protesten-paqesore-opozita-shprese-per-dialog","status":"publish","type":"post","link":"https:\/\/zjarr.tv\/sq\/bushati-zberthen-protesten-paqesore-opozita-shprese-per-dialog\/","title":{"rendered":"Bushati \u201czb\u00ebrthen\u201d protest\u00ebn paq\u00ebsore: Opozita shpres\u00eb p\u00ebr dialog"},"content":{"rendered":"<p>Analisti Andi Bushati i ftuar n\u00eb rubrik\u00ebn \u201cOpinion\u201d n\u00eb studion e lajmeve n\u00eb News 24, komentoi situat\u00ebn politike dhe zhvillimin e fundit, at\u00eb t\u00eb rekomandimit pozitiv t\u00eb dh\u00ebn\u00eb nga ana e Komisionit Europian p\u00ebr \u00e7eljen e negociatave t\u00eb Shqip\u00ebris\u00eb me BE. Sipas Bushatit, deklarata e kryeministrit se tashm\u00eb i pret nj\u00eb pun\u00eb e madhe p\u00ebr t\u00eb bindur k\u00ebshillin e Europ\u00ebs, \u00ebsht\u00eb nj\u00eb alibi, e d\u00ebgjuar edhe m\u00eb her\u00ebt nga ai.<\/p>\n<p>\u201cGjat\u00eb k\u00ebtij viti po shikojm\u00eb trajektoren e deklaratave. Jan\u00eb shum\u00eb kontradiktore. Vjet n\u00eb k\u00ebt\u00eb koh\u00eb hapi shampanj\u00ebn dhe tha u hap\u00ebn negociatat. Para tre muajsh hodhi nj\u00eb tez\u00eb tjet\u00ebr, p\u00ebr ne hapen negociatat, por ata europian\u00ebt kan\u00eb politikat e tyre t\u00eb brendshme, p\u00ebr shkak t\u00eb ksenofobist\u00ebve europian\u00eb ne penalizohemi. Dakord, po pranojm\u00eb tez\u00ebn q\u00eb faji q\u00ebnka tek Europa po n\u00ebse i hapen Maqedonis\u00eb? Kur e pyet\u00ebn k\u00ebshtu ai tha: K\u00ebt\u00eb k\u00ebrkojani Lulit. Pra, gjithmon\u00eb gjen nj\u00eb alibi p\u00ebr t\u00eb mos par\u00eb ku i ka problemet pushteti\u201d,- tha Bushati.<\/p>\n<p>Nd\u00ebrsa komentoi protest\u00ebn e fundit paq\u00ebsore t\u00eb opozit\u00ebs, Bushati u shpreh i bindur se ajo nuk ishte fryt i presionit t\u00eb nd\u00ebrkomb\u00ebtar\u00ebve, por nj\u00eb shpres\u00eb e opozit\u00ebs p\u00ebr t\u00eb nisur dialogun me Ram\u00ebn.<\/p>\n<p>\u201cNuk besoj se presioni nd\u00ebrkomb\u00ebtar e ka shtyr\u00eb opozit\u00ebn drejt protestave paq\u00ebsore. Duket q\u00eb opozita \u00ebsht\u00eb e bindur, faktor\u00ebt e tjer\u00eb ka vendosur t\u00eb mos i d\u00ebgjoj\u00eb p\u00ebr momentin. Un\u00eb jam i bindur q\u00eb \u00e7do lloj negocimi e nxjerr t\u00eb humbur opozit\u00ebn. E vetmja gj\u00eb q\u00eb s\u2019duhet t\u00eb b\u00ebj\u00eb \u00ebsht\u00eb t\u00eb ulet me Ram\u00ebn. Opozita e ka k\u00ebt\u00eb shpres\u00eb. Opozita po p\u00ebrkund shpres\u00ebn e kompromisit dhe uljes n\u00eb tyrez\u00eb ndaj dha shenj\u00eb q\u00eb s\u2019po t\u00eb q\u00eblloj n\u00eb protest\u00eb. Un\u00eb jam i bindur q\u00eb nuk duhet t\u00eb ulen\u201d,- vijoi ai.<\/p>\n<p>Sa p\u00ebr gatishm\u00ebrin\u00eb e Presidentit Ilir Meta p\u00ebr t\u00eb ndryshuar dat\u00ebn e zgjedhjeve, analisti Bushati komenton: \u201cPropozimi i Met\u00ebs ishte propozim i nj\u00eb njeriu normal, thoshte jam dakord ta shty n\u00ebse pal\u00ebt gjejn\u00eb konsensus. Edhe Rama \u00ebsht\u00eb n\u00eb t\u00eb drejt\u00ebn e tij p\u00ebr t\u00eb vijuar gar\u00ebn. Un\u00eb mendoj se edhe opozita s\u2019ka pse k\u00ebrkon arnim, shtyrje t\u00eb dat\u00ebs s\u00eb zgjedhjeve. Pa u rregulluar problemi qendror s\u2019ka si rregullohet interesi lokal. Do ishte alogjike nga opozita t\u00eb hyj\u00eb n\u00eb zgjedhje p\u00ebr t\u00eb fituar 4 apo 5 bashki por pushteti qendror t\u00eb vijoj\u00eb t\u00eb punoj\u00eb ashtu si\u00e7 \u00ebsht\u00eb sot\u201d,- tha ai.<\/p>\n<p>I pyetur n\u00ebse Meta mund t\u00eb \u00e7onte n\u00eb finalizim iden\u00eb e tij, Bushati tha: \u201cNuk besoj se Meta do veproj\u00eb pa trysni t\u00eb fort\u00eb nd\u00ebrkomb\u00ebtare, e cila nuk po duket dhe pa pasur asnj\u00eb konsensus mes pal\u00ebve. Ai nuk ka as tagrin ligjor dhe as aureol\u00ebn morale p\u00ebr t\u00eb q\u00ebndruar mbi pal\u00ebt, duke iu referuar k\u00ebtu lidhjeve t\u00eb tij me LSI\u201d.<\/p>\n<p>Sa p\u00ebr letrat q\u00eb kryeministri i d\u00ebrgon Bash\u00ebs me shpres\u00eb p\u00ebr ta ulur n\u00eb tryez\u00eb dialogu, Bushati thot\u00eb se jan\u00eb nj\u00eb butafori false.<\/p>\n<p>\u201cLetrat hedhje hi syve ndaj publikut dhe butafori false. N\u00ebse q\u00ebllimi tyre real do ishte q\u00eb t\u00eb ftosh tjetrin n\u00eb dialog, kur do v\u00ebrtet dialog t\u00eb ul n\u00eb tryez\u00eb dhe t\u00eb thot\u00eb un\u00eb kam 2 apo tre probleme trego dhe ti t\u00eb tuat, por jo hajde n\u00eb dialog dhe ti je maskara, je k\u00ebshtu, je ashtu\u201d,- vijoi Bushati.<\/p>\n","protected":false},"excerpt":{"rendered":"<p>Analisti Andi Bushati i ftuar n\u00eb rubrik\u00ebn \u201cOpinion\u201d n\u00eb studion e lajmeve n\u00eb News 24, komentoi situat\u00ebn politike dhe zhvillimin e fundit, at\u00eb t\u00eb rekomandimit pozitiv t\u00eb dh\u00ebn\u00eb nga ana e Komisionit Europian p\u00ebr \u00e7eljen e negociatave t\u00eb Shqip\u00ebris\u00eb me BE. Sipas Bushatit, deklarata e kryeministrit se tashm\u00eb i pret nj\u00eb pun\u00eb e madhe p\u00ebr [&hellip;]<\/p>\n","protected":false},"author":4,"featured_media":70023,"comment_status":"open","ping_status":"closed","sticky":false,"template":"","format":"standard","meta":{"footnotes":""},"categories":[241,231,235],"tags":[],"class_list":{"0":"post-86645","1":"post","2":"type-post","3":"status-publish","4":"format-standard","5":"has-post-thumbnail","7":"category-aktualitet","8":"category-lajme","9":"category-vendi"},"_links":{"self":[{"href":"https:\/\/zjarr.tv\/sq\/wp-json\/wp\/v2\/posts\/86645","targetHints":{"allow":["GET"]}}],"collection":[{"href":"https:\/\/zjarr.tv\/sq\/wp-json\/wp\/v2\/posts"}],"about":[{"href":"https:\/\/zjarr.tv\/sq\/wp-json\/wp\/v2\/types\/post"}],"author":[{"embeddable":true,"href":"https:\/\/zjarr.tv\/sq\/wp-json\/wp\/v2\/users\/4"}],"replies":[{"embeddable":true,"href":"https:\/\/zjarr.tv\/sq\/wp-json\/wp\/v2\/comments?post=86645"}],"version-history":[{"count":0,"href":"https:\/\/zjarr.tv\/sq\/wp-json\/wp\/v2\/posts\/86645\/revisions"}],"wp:featuredmedia":[{"embeddable":true,"href":"https:\/\/zjarr.tv\/sq\/wp-json\/wp\/v2\/media\/70023"}],"wp:attachment":[{"href":"https:\/\/zjarr.tv\/sq\/wp-json\/wp\/v2\/media?parent=86645"}],"wp:term":[{"taxonomy":"category","embeddable":true,"href":"https:\/\/zjarr.tv\/sq\/wp-json\/wp\/v2\/categories?post=86645"},{"taxonomy":"post_tag","embeddable":true,"href":"https:\/\/zjarr.tv\/sq\/wp-json\/wp\/v2\/tags?post=86645"}],"curies":[{"name":"wp","href":"https:\/\/api.w.org\/{rel}","templated":true}]}}