{"id":86647,"date":"2019-05-30T12:15:22","date_gmt":"2019-05-30T10:15:22","guid":{"rendered":"https:\/\/zjarr.tv\/?p=86647"},"modified":"2019-05-30T12:15:22","modified_gmt":"2019-05-30T10:15:22","slug":"balla-negociatat-brenda-2019-ta-dije-edhe-opozita-rrugore","status":"publish","type":"post","link":"https:\/\/zjarr.tv\/sq\/balla-negociatat-brenda-2019-ta-dije-edhe-opozita-rrugore\/","title":{"rendered":"Balla: Negociatat brenda 2019, ta dije edhe opozita rrugore"},"content":{"rendered":"<p>Kreu i Grupit Parlamentar t\u00eb Partis\u00eb Socialiste, Taulant Balla n\u00eb seanc\u00ebn e sotme t\u00eb Kuvendit e ndali v\u00ebmendjen e tij tek rekomandimi pa kushte i nj\u00eb dite m\u00eb par\u00eb nga Komisioni Europian p\u00ebr hapjen e negociatave t\u00eb an\u00ebtar\u00ebsimit n\u00eb BE.<\/p>\n<p>Ai tha se pavar\u00ebsisht p\u00ebrpjekjeve t\u00eb opozit\u00ebs rrugore p\u00ebr ta ndaluar k\u00ebt\u00eb proces, n\u00eb 2019-t\u00eb Shqip\u00ebris\u00eb do t\u2019i hapen negociatat me BE.<\/p>\n<p>\u201cSot \u00ebsht\u00eb nj\u00eb dit\u00eb e g\u00ebzuar, nuk duhet ta fshehim. Merita kryesore i takon shqiptar\u00ebve, 94% prej tyre mb\u00ebshtesin rrug\u00ebn e integrimit. Kjo \u00ebsht\u00eb pik\u00ebnisja ku mb\u00ebshtetet puna e qeveris\u00eb son\u00eb p\u00ebr t\u00eb p\u00ebrparuar drejt hapave q\u00eb do na \u00e7ojn\u00eb n\u00eb BE, nd\u00ebr to spikat kryereforma n\u00eb drejt\u00ebsi.<\/p>\n<p>Verdikti i KE ishte i merituar. Pavar\u00ebsisht r\u00ebnd\u00ebsis\u00eb s\u00eb vendimit t\u00eb djesh\u00ebm, dua shum\u00eb t\u00eb jem i sinqert\u00eb me t\u00eb gjith\u00eb ju dhe koleg\u00ebt e opozit\u00ebs. P\u00ebr ne ishte konfirmim dhe pasqyrim real i pun\u00ebs son\u00eb drejt aspirat\u00ebs p\u00ebr an\u00ebtar\u00ebsim n\u00eb BE. Koincidence \u00ebsht\u00eb fakti q\u00eb publikimi i raportit u la direkt pas zgjedhjeve europiane q\u00eb tregon se ky proces \u00ebsht\u00eb edhe politik. Edhe vjet u mor ky vendim, por K\u00ebshilli Europian vendosi shtyrjen se vendimmarrja aty \u00ebsht\u00eb mbi t\u00eb gjitha politike.<\/p>\n<p>Secila nga 28 vendet do jap\u00eb gjykimin e saj politik. At\u00eb e ndikojn\u00eb shum\u00eb faktor\u00eb. Progres-raporti \u00ebsht\u00eb i bazuar n\u00eb fakte, pun\u00eb t\u00eb kryera, ndon\u00ebse de jure nuk i hapi negociatat si\u00e7 u rekomandua n\u00eb qershor. Shqip\u00ebria vijoi pun\u00ebn e saj me procesin screening. Ky ishte raporti m\u00eb i mir\u00eb n\u00eb k\u00ebto vite. Brenda 2019 Shqip\u00ebria do t\u00eb hap\u00eb negociatat po e them pavar\u00ebsisht opozit\u00ebs rrugore q\u00eb shkon n\u00eb kah t\u00eb kund\u00ebrt me interesat e vendit. N\u00eb 2019 do jemi t\u00eb gjith\u00eb krenar\u00eb q\u00eb vota e shqiptar\u00ebve na ka sjell\u00eb k\u00ebtu. Pavar\u00ebsisht se opozita u mundua me \u00e7do kusht t\u00eb minonte rrug\u00ebn e integrimit t\u00eb shqiptar\u00ebve. Ata s\u2019kan\u00eb rreshtuar asnj\u00eb dit\u00eb t\u00eb vetme t\u00eb pengojn\u00eb pun\u00ebn e reform\u00ebs n\u00eb drejt\u00ebsi\u201d,- tha Balla.<\/p>\n<p>&nbsp;<\/p>\n","protected":false},"excerpt":{"rendered":"<p>Kreu i Grupit Parlamentar t\u00eb Partis\u00eb Socialiste, Taulant Balla n\u00eb seanc\u00ebn e sotme t\u00eb Kuvendit e ndali v\u00ebmendjen e tij tek rekomandimi pa kushte i nj\u00eb dite m\u00eb par\u00eb nga Komisioni Europian p\u00ebr hapjen e negociatave t\u00eb an\u00ebtar\u00ebsimit n\u00eb BE. Ai tha se pavar\u00ebsisht p\u00ebrpjekjeve t\u00eb opozit\u00ebs rrugore p\u00ebr ta ndaluar k\u00ebt\u00eb proces, n\u00eb 2019-t\u00eb [&hellip;]<\/p>\n","protected":false},"author":4,"featured_media":69356,"comment_status":"open","ping_status":"closed","sticky":false,"template":"","format":"standard","meta":{"footnotes":""},"categories":[241,231,235],"tags":[],"class_list":{"0":"post-86647","1":"post","2":"type-post","3":"status-publish","4":"format-standard","5":"has-post-thumbnail","7":"category-aktualitet","8":"category-lajme","9":"category-vendi"},"_links":{"self":[{"href":"https:\/\/zjarr.tv\/sq\/wp-json\/wp\/v2\/posts\/86647","targetHints":{"allow":["GET"]}}],"collection":[{"href":"https:\/\/zjarr.tv\/sq\/wp-json\/wp\/v2\/posts"}],"about":[{"href":"https:\/\/zjarr.tv\/sq\/wp-json\/wp\/v2\/types\/post"}],"author":[{"embeddable":true,"href":"https:\/\/zjarr.tv\/sq\/wp-json\/wp\/v2\/users\/4"}],"replies":[{"embeddable":true,"href":"https:\/\/zjarr.tv\/sq\/wp-json\/wp\/v2\/comments?post=86647"}],"version-history":[{"count":0,"href":"https:\/\/zjarr.tv\/sq\/wp-json\/wp\/v2\/posts\/86647\/revisions"}],"wp:featuredmedia":[{"embeddable":true,"href":"https:\/\/zjarr.tv\/sq\/wp-json\/wp\/v2\/media\/69356"}],"wp:attachment":[{"href":"https:\/\/zjarr.tv\/sq\/wp-json\/wp\/v2\/media?parent=86647"}],"wp:term":[{"taxonomy":"category","embeddable":true,"href":"https:\/\/zjarr.tv\/sq\/wp-json\/wp\/v2\/categories?post=86647"},{"taxonomy":"post_tag","embeddable":true,"href":"https:\/\/zjarr.tv\/sq\/wp-json\/wp\/v2\/tags?post=86647"}],"curies":[{"name":"wp","href":"https:\/\/api.w.org\/{rel}","templated":true}]}}