{"id":86649,"date":"2019-05-30T12:18:24","date_gmt":"2019-05-30T10:18:24","guid":{"rendered":"https:\/\/zjarr.tv\/?p=86649"},"modified":"2019-05-30T12:18:24","modified_gmt":"2019-05-30T10:18:24","slug":"raporti-soreca-apel-qeverise-dhe-opozites-te-tejkalojne-ndasite","status":"publish","type":"post","link":"https:\/\/zjarr.tv\/sq\/raporti-soreca-apel-qeverise-dhe-opozites-te-tejkalojne-ndasite\/","title":{"rendered":"Raporti\/ Soreca: Apel qeveris\u00eb dhe opozit\u00ebs t\u00eb tejkalojn\u00eb ndasit\u00eb"},"content":{"rendered":"<p>Ambasadori i BE n\u00eb Shqip\u00ebri, Luigi Soreca ka dor\u00ebzuar sot n\u00eb Komisionin e Integrimit, raportin e KE-s\u00eb. \u00a0Soreca, tha se ndihet i lumtur p\u00ebr rekomandimin pa kushte dhe se komisioni duhet t\u00eb caktoj\u00eb masat q\u00eb do merren n\u00eb t\u00eb ardhmen. Soreca, ndau edhe nj\u00eb apel ndaj Qeveris\u00eb dhe opozit\u00ebs q\u00eb t\u00eb tejkalojn\u00eb ndasit\u00eb.<\/p>\n<p>\u201cJemi t\u00eb lumtur p\u00ebr rekomandimin pa kushte. Raporti i progresit t\u00eb KE duhet ekzaminuar.Komisioni t\u00eb caktoj\u00eb masat q\u00eb duhen n\u00eb t\u00eb ardhmen. Apel qeveris\u00eb dhe opozit\u00ebs q\u00eb t\u00eb tejkalojn\u00eb ndasit\u00eb.Donim t\u00eb vinim n\u00eb Komisionin e Integrimit, pasi k\u00ebtu b\u00ebhet debati. Ne i takojm\u00eb k\u00ebtij komisioni. Theksoj procesin e llogaridh\u00ebnies s\u00eb Qeveris\u00eb n\u00eb parlament, pasi kjo \u00ebsht\u00eb demokracia. P\u00ebr reform\u00ebn zgjedhore kemi ekspert\u00eb n\u00eb dispozicion. Parlamenti ka edhe rol p\u00ebr t\u00eb luajtur n\u00eb Reform\u00ebn n\u00eb Drejtesi q\u00eb \u00ebsht\u00eb e patjet\u00ebrsueshme deri sa t\u00eb b\u00ebhet plot\u00ebsisht e zbatueshme.\u201d-tha Soreca.<\/p>\n<p>Nga ana tjet\u00ebr, Rudina Hajdari e cil\u00ebsoi raportin si shum\u00eb t\u00eb r\u00ebndesish\u00ebm p\u00ebr Shqip\u00ebrine.<br \/>\n\u201cVler\u00ebsojm\u00eb rolin tuaj, por kemi shum\u00eb sfida p\u00ebrpara. Jav\u00ebt n\u00eb vijim jan\u00eb sfida, pasi ka vende skeptike. Do punojm\u00eb fort\u201d-tha Hajdari.<\/p>\n","protected":false},"excerpt":{"rendered":"<p>Ambasadori i BE n\u00eb Shqip\u00ebri, Luigi Soreca ka dor\u00ebzuar sot n\u00eb Komisionin e Integrimit, raportin e KE-s\u00eb. \u00a0Soreca, tha se ndihet i lumtur p\u00ebr rekomandimin pa kushte dhe se komisioni duhet t\u00eb caktoj\u00eb masat q\u00eb do merren n\u00eb t\u00eb ardhmen. Soreca, ndau edhe nj\u00eb apel ndaj Qeveris\u00eb dhe opozit\u00ebs q\u00eb t\u00eb tejkalojn\u00eb ndasit\u00eb. \u201cJemi t\u00eb [&hellip;]<\/p>\n","protected":false},"author":4,"featured_media":70231,"comment_status":"open","ping_status":"closed","sticky":false,"template":"","format":"standard","meta":{"footnotes":""},"categories":[241,231,235],"tags":[],"class_list":{"0":"post-86649","1":"post","2":"type-post","3":"status-publish","4":"format-standard","5":"has-post-thumbnail","7":"category-aktualitet","8":"category-lajme","9":"category-vendi"},"_links":{"self":[{"href":"https:\/\/zjarr.tv\/sq\/wp-json\/wp\/v2\/posts\/86649","targetHints":{"allow":["GET"]}}],"collection":[{"href":"https:\/\/zjarr.tv\/sq\/wp-json\/wp\/v2\/posts"}],"about":[{"href":"https:\/\/zjarr.tv\/sq\/wp-json\/wp\/v2\/types\/post"}],"author":[{"embeddable":true,"href":"https:\/\/zjarr.tv\/sq\/wp-json\/wp\/v2\/users\/4"}],"replies":[{"embeddable":true,"href":"https:\/\/zjarr.tv\/sq\/wp-json\/wp\/v2\/comments?post=86649"}],"version-history":[{"count":0,"href":"https:\/\/zjarr.tv\/sq\/wp-json\/wp\/v2\/posts\/86649\/revisions"}],"wp:featuredmedia":[{"embeddable":true,"href":"https:\/\/zjarr.tv\/sq\/wp-json\/wp\/v2\/media\/70231"}],"wp:attachment":[{"href":"https:\/\/zjarr.tv\/sq\/wp-json\/wp\/v2\/media?parent=86649"}],"wp:term":[{"taxonomy":"category","embeddable":true,"href":"https:\/\/zjarr.tv\/sq\/wp-json\/wp\/v2\/categories?post=86649"},{"taxonomy":"post_tag","embeddable":true,"href":"https:\/\/zjarr.tv\/sq\/wp-json\/wp\/v2\/tags?post=86649"}],"curies":[{"name":"wp","href":"https:\/\/api.w.org\/{rel}","templated":true}]}}