{"id":86655,"date":"2019-05-30T12:28:10","date_gmt":"2019-05-30T10:28:10","guid":{"rendered":"https:\/\/zjarr.tv\/?p=86655"},"modified":"2019-05-30T12:28:10","modified_gmt":"2019-05-30T10:28:10","slug":"raporti-i-ke-ramapasqyre-reale-opozita-i-bie-fyellit-ne-1-vrime","status":"publish","type":"post","link":"https:\/\/zjarr.tv\/sq\/raporti-i-ke-ramapasqyre-reale-opozita-i-bie-fyellit-ne-1-vrime\/","title":{"rendered":"Raporti i KE, Rama:Pasqyr\u00eb reale, opozita i bie fyellit n\u00eb 1 vrim\u00eb"},"content":{"rendered":"<p style=\"line-height: 24.0pt;margin: 0in 0in 22.5pt 0in\"><span style=\"color: #18191a\">Nd\u00ebrsa deputet\u00ebt e opozit\u00ebs e k\u00ebrkuan t\u00eb ishte n\u00eb sall\u00eb, i pari i qeveris\u00eb, Edi Rama hyri n\u00eb salle rreth or\u00ebs 12:00, p\u00ebr tu fokusuar tek raporti i Komisionit Europian.<\/span><\/p>\n<p style=\"line-height: 24.0pt;margin: 0in 0in 22.5pt 0in\"><span style=\"color: #18191a\">Konkluzionet e tij, tha Rama jan\u00eb nj\u00eb pasqyr\u00eb reale e arritjeve dhe mosarritjeve t\u00eb Shqip\u00ebris\u00eb, por n\u00eb ndryshim nga raporti i nj\u00eb viti m\u00eb par\u00eb vihet re qart\u00eb, progresi.<\/span><\/p>\n<p style=\"line-height: 24.0pt;margin: 0in 0in 22.5pt 0in\"><span style=\"color: #18191a\">\u201cKonkluzioni \u00ebsht\u00eb i nj\u00ebjt\u00eb me nj\u00eb vit m\u00eb par\u00eb, por raporti nuk \u00ebsht\u00eb i nj\u00ebjti. N\u00eb faqet e tij konstatohet se nga viti i shkuar deri m\u00eb sot, Shqip\u00ebria ka b\u00ebr\u00eb progres n\u00eb rrug\u00ebn drejt BE. Nga ana tjet\u00ebr \u00ebsht\u00eb nj\u00eb pasqyr\u00eb ku pa v\u00ebsht\u00ebris\u00ebsi mund t\u00eb shihen t\u00eb gjitha shtremb\u00ebrimit e opozit\u00ebs rrugore, p\u00ebr t\u00eb krijuar n\u00eb syt\u00eb e opinionit dhe miqve apo aprtner\u00ebve q\u00eb kan\u00eb vullnet t\u00eb d\u00ebgjojn\u00eb koleg\u00ebt e ikur n\u00eb drejtim t\u00eb paditur, pamjen e nj\u00eb Shqip\u00ebrie tjet\u00ebr. Ne nuk pretendojm\u00eb se Shqip\u00ebria i ka tejkaluar t\u00eb gjitha problemet e ka arritur objektivin fundor. Objektivi lidhet me q\u00ebllimin e madh t\u00eb an\u00ebtar\u00ebsimit n\u00eb BE dhe me ballafaqimin mes realitetit dhe momentit p\u00ebr an\u00ebtar\u00ebsim. Sot flasim p\u00ebr nj\u00eb faz\u00eb t\u00eb nd\u00ebrmjetme q\u00eb duhet \u00e7elur me zyrtarizimin e negociatave p\u00ebr t\u00eb p\u00ebrparuar n\u00eb t\u00eb gjitha drejtimet q\u00eb ka rruga e transformimit t\u00eb Shqip\u00ebris\u00eb n\u00eb nj\u00eb shtet t\u00eb standardeve t\u00eb BE\u201d,- tha Rama.<\/span><\/p>\n<p style=\"line-height: 24.0pt;text-align: start;margin: 0in 0in 22.5pt 0in\"><span style=\"color: #18191a\">Rama tha se ndryshe nga sa u p\u00ebrpoq ta shiste opozita, reforma n\u00eb drejt\u00ebsi nuk \u00ebsht\u00eb vler\u00ebsuar si \u201cd\u00ebshtim\u201d n\u00eb raport. Sa p\u00ebr k\u00ebta t\u00eb fundit, ai vijoi se pavar\u00ebsisht arritjev,e vijojn\u00eb t;i bien fyellit n\u00eb nj\u00eb vrim\u00eb.<\/span><\/p>\n<p style=\"line-height: 24.0pt;text-align: start;margin: 0in 0in 22.5pt 0in\"><span style=\"color: #18191a\">\u201cRaporti i komisionit, q\u00eb \u00ebsht\u00eb m\u00eb i besuesh\u00ebmi i nd\u00ebrkomb\u00ebtar\u00ebve, n\u00eb raport me \u00e7do detaj t\u00eb problematikave t\u00eb nj\u00eb vendi n\u00eb rrug\u00ebn e an\u00ebtar\u00ebsimit n\u00eb BE hedh posht\u00eb \u00e7do pretendim dhe p\u00ebrpjekje p\u00ebr ta tregur reform\u00ebn n\u00eb drejt\u00ebsi si d\u00ebshtim, luft\u00ebn kund\u00ebr krimit dhe korrupsionit si nj\u00eb d\u00ebshtim dhe n\u00eb vijim\u00ebsi n\u00eb \u00e7do aspekt raporti jep nj\u00eb pasqyr\u00eb besnike t\u00eb arritjeve dhe problemeve. Jemi t\u00eb vet\u00ebdijsh\u00ebm p\u00ebr problemet dhe krenar\u00eb p\u00ebr arritjet. T\u00eb gjith\u00eb ata q\u00eb i ben fyellit n\u00eb at\u00eb vrim\u00ebn e vetme p\u00ebr t\u00eb b\u00ebr\u00eb t\u00eb njetj\u00ebn muzik\u00eb duke p\u00ebrs\u00ebritur t\u00eb njetat bro\u00e7kulla, p\u00ebr t\u00eb krijuar nj\u00eb perceptim t\u00eb imponuar ndryshe tek shqiptar\u00ebt, sot, mudn tju thuhet me plot goj\u00ebn se n\u00eb at\u00eb pasqyr\u00eb Shqip\u00ebria mund t\u00eb shoh\u00eb \u00e7far\u00eb ka b\u00ebr\u00eb dhe cfar\u00eb do b\u00ebj\u00eb\u201d,- vijoi ai.<\/span><\/p>\n","protected":false},"excerpt":{"rendered":"<p>Nd\u00ebrsa deputet\u00ebt e opozit\u00ebs e k\u00ebrkuan t\u00eb ishte n\u00eb sall\u00eb, i pari i qeveris\u00eb, Edi Rama hyri n\u00eb salle rreth or\u00ebs 12:00, p\u00ebr tu fokusuar tek raporti i Komisionit Europian. Konkluzionet e tij, tha Rama jan\u00eb nj\u00eb pasqyr\u00eb reale e arritjeve dhe mosarritjeve t\u00eb Shqip\u00ebris\u00eb, por n\u00eb ndryshim nga raporti i nj\u00eb viti m\u00eb par\u00eb [&hellip;]<\/p>\n","protected":false},"author":4,"featured_media":86656,"comment_status":"open","ping_status":"closed","sticky":false,"template":"","format":"standard","meta":{"footnotes":""},"categories":[241,231,235],"tags":[],"class_list":{"0":"post-86655","1":"post","2":"type-post","3":"status-publish","4":"format-standard","5":"has-post-thumbnail","7":"category-aktualitet","8":"category-lajme","9":"category-vendi"},"_links":{"self":[{"href":"https:\/\/zjarr.tv\/sq\/wp-json\/wp\/v2\/posts\/86655","targetHints":{"allow":["GET"]}}],"collection":[{"href":"https:\/\/zjarr.tv\/sq\/wp-json\/wp\/v2\/posts"}],"about":[{"href":"https:\/\/zjarr.tv\/sq\/wp-json\/wp\/v2\/types\/post"}],"author":[{"embeddable":true,"href":"https:\/\/zjarr.tv\/sq\/wp-json\/wp\/v2\/users\/4"}],"replies":[{"embeddable":true,"href":"https:\/\/zjarr.tv\/sq\/wp-json\/wp\/v2\/comments?post=86655"}],"version-history":[{"count":0,"href":"https:\/\/zjarr.tv\/sq\/wp-json\/wp\/v2\/posts\/86655\/revisions"}],"wp:featuredmedia":[{"embeddable":true,"href":"https:\/\/zjarr.tv\/sq\/wp-json\/wp\/v2\/media\/86656"}],"wp:attachment":[{"href":"https:\/\/zjarr.tv\/sq\/wp-json\/wp\/v2\/media?parent=86655"}],"wp:term":[{"taxonomy":"category","embeddable":true,"href":"https:\/\/zjarr.tv\/sq\/wp-json\/wp\/v2\/categories?post=86655"},{"taxonomy":"post_tag","embeddable":true,"href":"https:\/\/zjarr.tv\/sq\/wp-json\/wp\/v2\/tags?post=86655"}],"curies":[{"name":"wp","href":"https:\/\/api.w.org\/{rel}","templated":true}]}}