{"id":86658,"date":"2019-05-30T12:30:24","date_gmt":"2019-05-30T10:30:24","guid":{"rendered":"https:\/\/zjarr.tv\/?p=86658"},"modified":"2019-05-30T12:30:24","modified_gmt":"2019-05-30T10:30:24","slug":"raporti-hajdari-rama-te-ishte-ne-seance-dy-gjera-duhet-te-dije","status":"publish","type":"post","link":"https:\/\/zjarr.tv\/sq\/raporti-hajdari-rama-te-ishte-ne-seance-dy-gjera-duhet-te-dije\/","title":{"rendered":"Raporti, Hajdari: Rama t\u00eb ishte n\u00eb seanc\u00eb, dy gj\u00ebra duhet t\u00eb dij\u00eb"},"content":{"rendered":"<p style=\"line-height: 24.0pt;margin: 0in 0in 22.5pt 0in\"><span style=\"color: #18191a\">Nd\u00ebrsa foli n\u00eb parlament p\u00ebr progres raportin e KE-s\u00eb, i cili rekomandon hapjen e negociatave p\u00ebr Shqip\u00ebrin\u00eb, deputetja Rudina Hajdari kritikoi munges\u00ebn n\u00eb k\u00ebt\u00eb seanc\u00eb t\u00eb kryeministrit Edi Rama nd\u00ebrsa tha se dy gj\u00ebra b\u00ebn mir\u00eb t\u2019i dij\u00eb kreu i qeveris\u00eb.<\/span><\/p>\n<p style=\"line-height: 24.0pt;margin: 0in 0in 22.5pt 0in\"><span style=\"color: #18191a\">\u201cN\u00eb sall\u00eb mungon s\u00ebrish kryeministri q\u00eb duhet t\u00eb jet\u00eb prezent p\u00ebr t\u00eb sh\u00ebnuar k\u00ebt\u00eb dit\u00eb duke na th\u00ebn\u00eb di\u00e7ka p\u00ebrsa i p\u00ebrket raportit. Kam ardhur p\u00ebr t\u00eb th\u00ebn\u00eb disa t\u00eb v\u00ebrteta, kritika q\u00eb jan\u00eb me vend dhe populli duhet ti d\u00ebgjoj\u00eb. Ne kemi vet\u00ebm nj\u00eb njeri q\u00eb u tregon atyre se \u00ebsht\u00eb m\u00eb i miri i t\u00eb mir\u00ebve dhe se ai nuk ka. Ka 6 vite q\u00eb me fjal\u00eb shum\u00eb e vepra pak po bind ata q\u00eb kan\u00eb vesh t\u00eb d\u00ebgjojn\u00eb se vet\u00ebm ky po nd\u00ebrton nj\u00eb vend ku mbizot\u00ebron ligji dhe shteti, nd\u00ebrkoh\u00eb q\u00eb merr cdo vendim brenda e jasht\u00eb parlamentit dhe vendit. Ky njeri q\u00eb b\u00ebn ligje n\u00eb kurrizin ton\u00eb, t\u00eb s\u00eb mir\u00ebs s\u00eb askujt, varf\u00ebron t\u00eb varf\u00ebrit dhe pasuron t\u00eb pasurit, sillet n\u00eb Evrop\u00eb me reforma t\u00eb paimplementuara dhe b\u00ebn tangon e Serbis\u00eb ndihet m\u00eb i frik\u00ebsuar se kurr\u00eb nga partia e tij. Duhet t\u00eb dij\u00eb dy gj\u00ebra, q\u00eb qeveria \u00ebsht\u00eb n\u00eb regres dhe jo progres dhe integrimi nuk mund t\u00eb vij\u00eb dot kurr\u00eb nga t\u00eb paintegruarit, asnj\u00eb nga liderat tan\u00eb nuk e bind BE se do b\u00ebjn\u00eb ndryshime t\u00eb prekshme me vullnetin e tyre. Bindja ime mbetet se BE do i p\u00ebrgjigjet shqiptar\u00ebve t\u00eb sinqert\u00eb. BE ka patur nj\u00eb ndikim t\u00eb jasht\u00ebzakonsh\u00ebm, na ka ndihmuar shum\u00eb por ndihma duhet t\u00eb vij\u00eb nga ne.\u201d \u2013 u shpreh Hajdari nd\u00ebrsa me tone t\u00eb ashpra kritike foli edhe p\u00ebr kreun e opozit\u00ebs Lulzim Basha.<\/span><\/p>\n<p style=\"line-height: 24.0pt;margin: 0in 0in 22.5pt 0in\"><span style=\"color: #18191a\">\u201cCfar\u00eb ka b\u00ebr\u00eb p\u00ebr integrimin kur nuk l\u00eb kauz\u00eb pa braktisur, e kan\u00eb b\u00ebr\u00eb Shqip\u00ebrin\u00eb nj\u00eb gjoja t\u00eb madhe. Ka ardhur koha e nje gjenerate t\u00eb re, q\u00eb e do integrimin. Para se kjo t\u00eb vij\u00eb \u00ebsht\u00eb detyra jon\u00eb patriotike t\u00eb bashkohemi e t\u00eb b\u00ebjm\u00eb \u00e7mos p\u00ebr t\u00eb marr pranimin n\u00eb BE, duhet t\u00eb fitojm\u00eb, t\u00eb jemi t\u00eb suksessh\u00ebm n\u00eb k\u00ebt\u00eb mision.\u201d -p\u00ebrfundoi Hajdari.<\/span><\/p>\n<h2><span style=\"font-size: 12.0pt;font-family: 'AdelleBold','serif';color: black\">\u00a0<\/span><\/h2>\n","protected":false},"excerpt":{"rendered":"<p>Nd\u00ebrsa foli n\u00eb parlament p\u00ebr progres raportin e KE-s\u00eb, i cili rekomandon hapjen e negociatave p\u00ebr Shqip\u00ebrin\u00eb, deputetja Rudina Hajdari kritikoi munges\u00ebn n\u00eb k\u00ebt\u00eb seanc\u00eb t\u00eb kryeministrit Edi Rama nd\u00ebrsa tha se dy gj\u00ebra b\u00ebn mir\u00eb t\u2019i dij\u00eb kreu i qeveris\u00eb. \u201cN\u00eb sall\u00eb mungon s\u00ebrish kryeministri q\u00eb duhet t\u00eb jet\u00eb prezent p\u00ebr t\u00eb sh\u00ebnuar k\u00ebt\u00eb [&hellip;]<\/p>\n","protected":false},"author":4,"featured_media":77012,"comment_status":"open","ping_status":"closed","sticky":false,"template":"","format":"standard","meta":{"footnotes":""},"categories":[241,231,235],"tags":[],"class_list":{"0":"post-86658","1":"post","2":"type-post","3":"status-publish","4":"format-standard","5":"has-post-thumbnail","7":"category-aktualitet","8":"category-lajme","9":"category-vendi"},"_links":{"self":[{"href":"https:\/\/zjarr.tv\/sq\/wp-json\/wp\/v2\/posts\/86658","targetHints":{"allow":["GET"]}}],"collection":[{"href":"https:\/\/zjarr.tv\/sq\/wp-json\/wp\/v2\/posts"}],"about":[{"href":"https:\/\/zjarr.tv\/sq\/wp-json\/wp\/v2\/types\/post"}],"author":[{"embeddable":true,"href":"https:\/\/zjarr.tv\/sq\/wp-json\/wp\/v2\/users\/4"}],"replies":[{"embeddable":true,"href":"https:\/\/zjarr.tv\/sq\/wp-json\/wp\/v2\/comments?post=86658"}],"version-history":[{"count":0,"href":"https:\/\/zjarr.tv\/sq\/wp-json\/wp\/v2\/posts\/86658\/revisions"}],"wp:featuredmedia":[{"embeddable":true,"href":"https:\/\/zjarr.tv\/sq\/wp-json\/wp\/v2\/media\/77012"}],"wp:attachment":[{"href":"https:\/\/zjarr.tv\/sq\/wp-json\/wp\/v2\/media?parent=86658"}],"wp:term":[{"taxonomy":"category","embeddable":true,"href":"https:\/\/zjarr.tv\/sq\/wp-json\/wp\/v2\/categories?post=86658"},{"taxonomy":"post_tag","embeddable":true,"href":"https:\/\/zjarr.tv\/sq\/wp-json\/wp\/v2\/tags?post=86658"}],"curies":[{"name":"wp","href":"https:\/\/api.w.org\/{rel}","templated":true}]}}