{"id":86671,"date":"2019-05-30T14:11:55","date_gmt":"2019-05-30T12:11:55","guid":{"rendered":"https:\/\/zjarr.tv\/?p=86671"},"modified":"2019-05-30T14:11:55","modified_gmt":"2019-05-30T12:11:55","slug":"si-e-priten-raport-progresin-e-ke-opozita-dhe-qeveria-shqiptare","status":"publish","type":"post","link":"https:\/\/zjarr.tv\/sq\/si-e-priten-raport-progresin-e-ke-opozita-dhe-qeveria-shqiptare\/","title":{"rendered":"Si e prit\u00ebn Raport-Progresin e KE, opozita dhe qeveria shqiptare"},"content":{"rendered":"<p>Opozita dhe qeveria n\u00eb Shqip\u00ebri kan\u00eb q\u00ebndrime t\u00eb kund\u00ebrta p\u00ebr raport-progresin e KE. Qeveria e premt me entuziaz\u00ebm, nd\u00ebrsa opozita me skepticiz\u00ebm.<\/p>\n<p>Nga Deutsche Welle<\/p>\n<p>Rekomandimi pozitiv, pa kushte, i Komisionit Europian, (KE) t\u00eb m\u00ebrkur\u00ebn (29.05.2019), drejtuar K\u00ebshillit Europian t\u00eb BE, p\u00ebr t\u00eb hapur negociatat e an\u00ebtar\u00ebsimit me Shqip\u00ebrin\u00eb, \u00ebsht\u00eb pritur me entuziaz\u00ebm nga qeveria dhe skeptizic\u00ebm nga opozita, e cila parashikon madje refuzimin. Ky \u00ebsht\u00eb i treti rekomandim q\u00eb jep p\u00ebr Shqip\u00ebri\u00eb KE, duke filluar nga viti 2017.<\/p>\n<p>Ambasadori i BE, Luigi Soreca, e konsideroi t\u00eb m\u00ebrkur\u00ebn rekomandimin e k\u00ebtij viti, n\u00eb konferenc\u00ebn e p\u00ebrbashk\u00ebt p\u00ebr shtyp me kryeministrin Rama, &#8220;nj\u00eb gur kilometrik shum\u00eb t\u00eb r\u00ebnd\u00ebsish\u00ebm, t\u00eb arritur nga Shqip\u00ebria\u201d. P\u00ebr Ram\u00ebn, KE dha rekomandimin ngaq\u00eb &#8220;Shqip\u00ebria ka b\u00ebr\u00eb me p\u00ebrpikm\u00ebri t\u00eb gjitha detyrat e sht\u00ebpis\u00eb. Komisioni ka konfirmuar progres dhe bazuar n\u00eb fakte, shifra dhe analiza ka rekomanduar p\u00ebrs\u00ebri hapjen zyrtare t\u00eb negociatave,\u201d tha kryemnistri n\u00eb konferenc\u00ebn p\u00ebr shtyp.<\/p>\n<p>Por opozita jasht\u00eb sistemit politik, q\u00eb hoqi dor\u00eb nga mandatet parlamentare n\u00eb shkurtin e kaluar dhe q\u00eb at\u00ebhere vazhdon protestat n\u00eb rrug\u00eb dhe sheshe p\u00ebr t\u00eb larguar kryeministrin Rama dhe rr\u00ebzuar qeverin\u00eb e tij, t\u00eb akuzuar prej saj p\u00ebr korrupsion dhe lidhje me krimin, mendon ndryshe.<\/p>\n<p>Berisha, ish-lideri i Partis\u00eb Demokratike, (PD) shkruan n\u00eb median sociale se &#8220;Shqip\u00ebria nuk ka plot\u00ebsuar asnj\u00eb nga kushtet e k\u00ebrkuara. K\u00ebshilli Europian do t\u00eb votoj\u00eb p\u00ebr hapjen e negociatave kur ato t\u00eb plot\u00ebsohen, diku nga fundi i vitit 2020, p\u00ebr t\u00eb mos th\u00ebn\u00eb edhe m\u00eb von\u00eb\u201d.<\/p>\n<p>Nd\u00ebrsa Basha, lideri aktual i PD, shprehu t\u00eb m\u00ebrkur\u00ebn bindjen se &#8220;K\u00ebshilli Europian do t\u00eb votoj\u00eb n\u00eb qershor p\u00ebr moshapjen e negociatave me Shqip\u00ebrin\u00eb.\u201d<\/p>\n<p>&#8221; Ky \u00ebsht\u00eb nj\u00eb lajm nd\u00ebshkimi p\u00ebr \u00e7do shqiptar, nd\u00ebshkim i pamerituar q\u00eb ka nj\u00eb fajtor, nj\u00eb em\u00ebr, Edi Ram\u00ebn dhe qeverin\u00eb e tij antievropiane,\u201d tha Basha.<\/p>\n<p>T\u00eb nj\u00ebjtin q\u00ebndim mban edhe L\u00ebvizja Socialiste p\u00ebr Integrim (LSI),\u00a0 q\u00eb \u00ebsht\u00eb bashkuar me t\u00eb djatht\u00ebn opozitare. Klajda Gjosha, ish-deputete e k\u00ebsaj partie dhe ish-ministre e Integrimit Europian, vuri n\u00eb dukje se &#8220;sot p\u00ebr sot jan\u00eb kat\u00ebr shtete an\u00ebtare t\u00eb pozicionuara qart\u00eb n\u00eb vot\u00ebn kund\u00ebr\u201d.<\/p>\n<p>Pollo \u2013 BE fiksim n\u00eb stabilitetin rajonal, pa kritika konstruktive<\/p>\n<p>Por opozita jasht\u00eb parlamentare nuk ka nj\u00eb q\u00ebndrim \u201een block&#8221; ndaj rekomandimit dhe parashikimit negativ p\u00ebr vendimin e K\u00ebshillit Europian. Genc Pollo, ish-deputet i PD, ish-kryetar i Komisionit Parlamentar t\u00eb Siguris\u00eb, tha p\u00ebr DW se shpreson q\u00eb k\u00ebsaj here negociatat t\u00eb hapen.<\/p>\n<p>&#8220;Shpresoj t\u00eb jet\u00eb e treta, e v\u00ebrteta dhe BE t&#8217;i p\u00ebrgjigjet rekomandimit me nj\u00eb vendim pozitiv&#8221;. Procesi i negociatave mund t\u00eb jet\u00eb nj\u00eb ndihm\u00eb e vyer p\u00ebr t\u00eb kap\u00ebrcyer situat\u00ebn tejet\u00a0 t\u00eb r\u00ebnduar me kapjen e shtetit, me mpleksjen e qeveritar\u00ebve me krimin e organizuar dhe korrupsionin e nivelit t\u00eb lart\u00eb\u201d, tha p\u00ebr DW, Genc Pollo.<\/p>\n<p>Ai kritikoi BE q\u00eb nuk ka ndihmuar me politikat e tij n\u00eb 5 vitet e fundit q\u00eb situata aktuale n\u00eb Shqip\u00ebri t\u00eb mos jet\u00eb aktualisht kaq e p\u00ebrkeq\u00ebsuar. &#8220;N\u00ebse BE, n\u00eb pes\u00eb vitet e shkuara nuk do t\u00eb kishte fiksim tek stabiliteti rajonal i garantuar nga &#8221; t\u00eb fort\u00ebt\u201d apo tek nj\u00eb reform\u00eb e vetme\u00a0 komplekse, por tek t\u00eb pesta prioritetet dhe kriteret e Kopenhagen-it\u00a0 si dhe t\u00eb b\u00ebnte kritika konstruktuve n\u00eb nivelin e atyre t\u00eb deri\u00a0 2013-\u00ebs, kjo do t\u00eb kishte q\u00ebn\u00eb\u00a0 nj\u00eb ndihm\u00eb e vyer p\u00ebr Shqip\u00ebrin\u00eb Europiane dhe situata nuk do t\u00eb ishte p\u00ebrkeq\u00ebsuar kaq shum\u00eb\u201d, tha Genc Pollo p\u00ebr DW.<\/p>\n<p>Apel partive politike \u2013 kaloni p\u00ebrtej ndasive partiake<\/p>\n<p>Vendimi i K\u00ebshillit Europian n\u00eb qershor, p\u00ebr hapjen ose jo t\u00eb negociatave me Shqip\u00ebrin\u00eb dhe Maqedonin\u00eb, bazohet n\u00eb analiz\u00ebn e Progres Raportit 2019 dhe diskutimet e vendeve an\u00ebtare, nj\u00eb procedur\u00eb kjo p\u00ebr ?do vend kandidat p\u00ebr an\u00ebtar\u00ebsim.<\/p>\n<p>\u201dTre jav\u00ebt n\u00eb vijim t\u00eb diskutimeve do t\u00eb jen\u00eb ky?e. \u00c7do shtet an\u00ebtar duhet t\u00eb jet\u00eb plot\u00ebsisht i bindur dhe ?do shtet an\u00ebtar ka procesin e vet t\u00eb vendim-marrjes p\u00ebr k\u00ebt\u00eb ?\u00ebshtje. Shqip\u00ebria ka nevoj\u00eb p\u00ebr nj\u00eb konsensus komb\u00ebtar p\u00ebr prioritetin madhor t\u00eb integrimit europian duke tejkaluar k\u00ebshtu polarizimimin, treguar vullnet t\u00eb fort\u00eb politik p\u00ebr t\u00eb q\u00ebn\u00eb t\u00eb bashkuar n\u00eb objektivin e integrimit europian dhe kaluar p\u00ebrtej polarizimit dhe ndasive partiake\u201d, tha ambasadori i BE, n\u00eb Tiran\u00eb, Soreca.<\/p>\n<p>N\u00eb t\u00eb nj\u00ebjt\u00ebn linj\u00eb me ambasadorin\u00a0 Soreca, edhe Kryemnistri Rama i b\u00ebri thirrje Bash\u00ebs dhe &#8220;opozit\u00ebs q\u00eb \u00ebsht\u00eb n\u00eb rrug\u00eb\u201d t\u00eb ndryshojn\u00eb q\u00ebndrim. &#8220;Deri n\u00eb momentin e vendimmarrjes nga K\u00ebshilli Europian \u00ebsht\u00eb mir\u00eb q\u00eb t\u00eb mendojn\u00eb p\u00ebr Shqip\u00ebrin\u00eb, jo p\u00ebr partin\u00eb. \u00cbsht\u00eb mir\u00eb t\u00eb mendojn\u00eb p\u00ebr gjenerat\u00ebn tjet\u00ebr, jo p\u00ebr zgjedhjet e rradh\u00ebs. \u00cbsht\u00eb mir\u00eb t\u00eb mos furnizojn\u00eb ata q\u00eb mund t\u00eb jen\u00eb t\u00eb l\u00ebkundur apo n\u00eb k\u00ebrkim t\u00eb ar\u00ebsyeve p\u00ebr t\u00eb th\u00ebn\u00eb &#8220;jo\u201d me pamje t\u00eb g\u00ebnjesht\u00ebrta protestash partiake nga Tirana, protestash q\u00eb nuk jan\u00eb popullore, q\u00eb nuk pasqyrojn\u00eb realitetin,\u201d tha t\u00eb m\u00ebrkur\u00ebn kryeministri Rama.<\/p>\n<p>Opozita ka paralajm\u00ebruar t\u00eb zhvilloj\u00eb protest\u00ebn komb\u00ebtare\u00a0 antiqeveritare t\u00eb rradh\u00ebs k\u00ebt\u00eb jav\u00eb, t\u00eb shtun\u00ebn m\u00eb 31 maj.<\/p>\n<p>&nbsp;<\/p>\n","protected":false},"excerpt":{"rendered":"<p>Opozita dhe qeveria n\u00eb Shqip\u00ebri kan\u00eb q\u00ebndrime t\u00eb kund\u00ebrta p\u00ebr raport-progresin e KE. Qeveria e premt me entuziaz\u00ebm, nd\u00ebrsa opozita me skepticiz\u00ebm. Nga Deutsche Welle Rekomandimi pozitiv, pa kushte, i Komisionit Europian, (KE) t\u00eb m\u00ebrkur\u00ebn (29.05.2019), drejtuar K\u00ebshillit Europian t\u00eb BE, p\u00ebr t\u00eb hapur negociatat e an\u00ebtar\u00ebsimit me Shqip\u00ebrin\u00eb, \u00ebsht\u00eb pritur me entuziaz\u00ebm nga qeveria [&hellip;]<\/p>\n","protected":false},"author":2013,"featured_media":86672,"comment_status":"open","ping_status":"closed","sticky":false,"template":"","format":"standard","meta":{"footnotes":""},"categories":[241,235],"tags":[],"class_list":{"0":"post-86671","1":"post","2":"type-post","3":"status-publish","4":"format-standard","5":"has-post-thumbnail","7":"category-aktualitet","8":"category-vendi"},"_links":{"self":[{"href":"https:\/\/zjarr.tv\/sq\/wp-json\/wp\/v2\/posts\/86671","targetHints":{"allow":["GET"]}}],"collection":[{"href":"https:\/\/zjarr.tv\/sq\/wp-json\/wp\/v2\/posts"}],"about":[{"href":"https:\/\/zjarr.tv\/sq\/wp-json\/wp\/v2\/types\/post"}],"author":[{"embeddable":true,"href":"https:\/\/zjarr.tv\/sq\/wp-json\/wp\/v2\/users\/2013"}],"replies":[{"embeddable":true,"href":"https:\/\/zjarr.tv\/sq\/wp-json\/wp\/v2\/comments?post=86671"}],"version-history":[{"count":0,"href":"https:\/\/zjarr.tv\/sq\/wp-json\/wp\/v2\/posts\/86671\/revisions"}],"wp:featuredmedia":[{"embeddable":true,"href":"https:\/\/zjarr.tv\/sq\/wp-json\/wp\/v2\/media\/86672"}],"wp:attachment":[{"href":"https:\/\/zjarr.tv\/sq\/wp-json\/wp\/v2\/media?parent=86671"}],"wp:term":[{"taxonomy":"category","embeddable":true,"href":"https:\/\/zjarr.tv\/sq\/wp-json\/wp\/v2\/categories?post=86671"},{"taxonomy":"post_tag","embeddable":true,"href":"https:\/\/zjarr.tv\/sq\/wp-json\/wp\/v2\/tags?post=86671"}],"curies":[{"name":"wp","href":"https:\/\/api.w.org\/{rel}","templated":true}]}}