{"id":86674,"date":"2019-05-30T14:13:08","date_gmt":"2019-05-30T12:13:08","guid":{"rendered":"https:\/\/zjarr.tv\/?p=86674"},"modified":"2019-05-30T14:13:08","modified_gmt":"2019-05-30T12:13:08","slug":"braimllari-edi-rama-e-ktheu-vloren-nen-pushtetin-e-krimit-dhe-te-varferise","status":"publish","type":"post","link":"https:\/\/zjarr.tv\/sq\/braimllari-edi-rama-e-ktheu-vloren-nen-pushtetin-e-krimit-dhe-te-varferise\/","title":{"rendered":"Braimllari: Edi Rama e ktheu Vlor\u00ebn n\u00ebn pushtetin e krimit dhe t\u00eb varf\u00ebris\u00eb"},"content":{"rendered":"<p>Sekretari i P\u00ebrgjithsh\u00ebm i LSI-s\u00eb, Endrit Braimllari ka reaguar me an\u00eb t\u00eb nj\u00eb postimi n\u00eb Facebook ku shprehet se\u00a0Vlora ka mund\u00ebsi t\u00eb m\u00ebdha t\u00eb zhvillimit t\u00eb ekonomis\u00eb, turizmit, bujq\u00ebsis\u00eb etj, por Rilindja e shkat\u00ebrroi at\u00eb si\u00e7 shkat\u00ebrroi gjith\u00eb Shqip\u00ebrin\u00eb.<\/p>\n<p>Ja postimi i tij i plot\u00eb:<\/p>\n<p>Edi Rama e ktheu Vlor\u00ebn n\u00ebn pushtetin e krimit dhe t\u00eb varf\u00ebris\u00eb.<\/p>\n<p>Vlora si nj\u00eb qend\u00ebr kryesore e turizmit por jo vet\u00ebm, nuk po sh\u00ebnon rritje ekonomike por vet\u00ebm r\u00ebnie t\u00eb saj.<br \/>\nSipas INSTAT n\u00eb vitin 2017 ekonomia e qarkut Vlor\u00eb p\u00ebsoi r\u00ebnie me 3.3% duke sjell\u00eb r\u00ebnien e t\u00eb ardhurave p\u00ebr frym\u00eb, emigracion te lart\u00eb dhe r\u00ebnie t\u00eb lindsh\u00ebm\u00ebris\u00eb.<\/p>\n<p>Vlora ka mund\u00ebsi t\u00eb m\u00ebdha t\u00eb zhvillimit t\u00eb ekonomis\u00eb, turizmit, bujq\u00ebsis\u00eb etj, por Rilindja e shkat\u00ebrroi at\u00eb si\u00e7 shkat\u00ebrroi gjith\u00eb Shqip\u00ebrin\u00eb.<\/p>\n<p>Rilindja mbolli krim dhe varf\u00ebri n\u00eb Vlor\u00eb. Mburret Edi Rama me investimet ne Vlor\u00eb por asgj\u00eb nuk ka shkuar n\u00eb sh\u00ebrbim t\u00eb ekonomis\u00eb s\u00eb Vlor\u00ebs dhe qytetar\u00ebve por n\u00eb xhepin e Edi Ram\u00ebs dhe nj\u00eb grup njer\u00ebzish t\u00eb vegj\u00ebl q\u00eb mban rreth vetes.<\/p>\n<p>Ky \u00ebsht\u00eb modeli i ekonomis\u00eb s\u00eb Edi Ram\u00ebs, nj\u00eb ekonomi e cila bazohet tek xhepi i tij dhe jo n\u00eb sh\u00ebrbim t\u00eb qytetar\u00ebve.<\/p>\n<p>Sot Vlora esht\u00eb n\u00ebn pushtetin e krimit por atentatet mafioze nuk i b\u00ebjn\u00eb m\u00eb p\u00ebrshtypje as Ram\u00ebs e as Lleshit t\u00eb cil\u00ebt kalojn\u00eb koh\u00ebn e tyre sesi t\u00eb hartojn\u00eb skema ushtarake p\u00ebr t\u00eb shtypur protestat e qytetar\u00ebve.<\/p>\n<p>&nbsp;<\/p>\n","protected":false},"excerpt":{"rendered":"<p>Sekretari i P\u00ebrgjithsh\u00ebm i LSI-s\u00eb, Endrit Braimllari ka reaguar me an\u00eb t\u00eb nj\u00eb postimi n\u00eb Facebook ku shprehet se\u00a0Vlora ka mund\u00ebsi t\u00eb m\u00ebdha t\u00eb zhvillimit t\u00eb ekonomis\u00eb, turizmit, bujq\u00ebsis\u00eb etj, por Rilindja e shkat\u00ebrroi at\u00eb si\u00e7 shkat\u00ebrroi gjith\u00eb Shqip\u00ebrin\u00eb. Ja postimi i tij i plot\u00eb: Edi Rama e ktheu Vlor\u00ebn n\u00ebn pushtetin e krimit dhe [&hellip;]<\/p>\n","protected":false},"author":2013,"featured_media":57698,"comment_status":"open","ping_status":"closed","sticky":false,"template":"","format":"standard","meta":{"footnotes":""},"categories":[241,235],"tags":[],"class_list":{"0":"post-86674","1":"post","2":"type-post","3":"status-publish","4":"format-standard","5":"has-post-thumbnail","7":"category-aktualitet","8":"category-vendi"},"_links":{"self":[{"href":"https:\/\/zjarr.tv\/sq\/wp-json\/wp\/v2\/posts\/86674","targetHints":{"allow":["GET"]}}],"collection":[{"href":"https:\/\/zjarr.tv\/sq\/wp-json\/wp\/v2\/posts"}],"about":[{"href":"https:\/\/zjarr.tv\/sq\/wp-json\/wp\/v2\/types\/post"}],"author":[{"embeddable":true,"href":"https:\/\/zjarr.tv\/sq\/wp-json\/wp\/v2\/users\/2013"}],"replies":[{"embeddable":true,"href":"https:\/\/zjarr.tv\/sq\/wp-json\/wp\/v2\/comments?post=86674"}],"version-history":[{"count":0,"href":"https:\/\/zjarr.tv\/sq\/wp-json\/wp\/v2\/posts\/86674\/revisions"}],"wp:featuredmedia":[{"embeddable":true,"href":"https:\/\/zjarr.tv\/sq\/wp-json\/wp\/v2\/media\/57698"}],"wp:attachment":[{"href":"https:\/\/zjarr.tv\/sq\/wp-json\/wp\/v2\/media?parent=86674"}],"wp:term":[{"taxonomy":"category","embeddable":true,"href":"https:\/\/zjarr.tv\/sq\/wp-json\/wp\/v2\/categories?post=86674"},{"taxonomy":"post_tag","embeddable":true,"href":"https:\/\/zjarr.tv\/sq\/wp-json\/wp\/v2\/tags?post=86674"}],"curies":[{"name":"wp","href":"https:\/\/api.w.org\/{rel}","templated":true}]}}