{"id":86680,"date":"2019-05-30T14:18:02","date_gmt":"2019-05-30T12:18:02","guid":{"rendered":"https:\/\/zjarr.tv\/?p=86680"},"modified":"2019-05-30T14:18:02","modified_gmt":"2019-05-30T12:18:02","slug":"doris-pack-mogherini-dhe-hahn-mbyllen-syte-per-korruspsionin-dhe-krimin-ne-shqiperi","status":"publish","type":"post","link":"https:\/\/zjarr.tv\/sq\/doris-pack-mogherini-dhe-hahn-mbyllen-syte-per-korruspsionin-dhe-krimin-ne-shqiperi\/","title":{"rendered":"Doris Pack: Mogherini dhe Hahn, mbyll\u00ebn syt\u00eb p\u00ebr korruspsionin dhe krimin n\u00eb Shqip\u00ebri"},"content":{"rendered":"<p>Ish Eurodeputetja, \u00a0Doris Pack ka replikuar ashp\u00ebr me p\u00ebrfaq\u00ebsuesit e Bashkimit Europian, Mogherimini dhe Hahn<\/p>\n<p>N\u00eb nj\u00eb postim n\u00eb faqen e saj n\u00eb rrjetet sociale ajo shkruan se Mogrini dhe Hahn, \u201cfatkeq\u00ebsisht, t\u00eb dy mbyll\u00ebn syt\u00eb p\u00ebr Shqip\u00ebrin\u00eb, p\u00ebr faktin se atje nuk ka Gjykat\u00eb Kushtetuese, Korrupsion gjigand, mashtrim elektoral i provuar, prodhimi me i r\u00ebnd\u00ebsish\u00ebm \u201cagrar\u201d \u00ebsht\u00eb kanabisi\u201d.<\/p>\n<p>Ja postimi i plot\u00eb i Pack:<\/p>\n<p>Doris Pack replikon me Mogherinin dhe Hahn: Fatkeq\u00ebsisht, t\u00eb dy mbyll\u00ebn syt\u00eb p\u00ebr Shqip\u00ebrin\u00eb, p\u00ebr faktin se atje nuk ka Gjykat\u00eb Kushteuese. Korrupsion gjigand, mashtrim elektoral i provuar, prodhimi m\u00eb i r\u00ebnd\u00ebsish\u00ebm \u201cagrar\u201d \u00ebsht\u00eb kanabisi. Edhe presidenti ka ngritur z\u00ebrin p\u00ebr t\u00eb gjitha k\u00ebto.<\/p>\n<p>&nbsp;<\/p>\n","protected":false},"excerpt":{"rendered":"<p>Ish Eurodeputetja, \u00a0Doris Pack ka replikuar ashp\u00ebr me p\u00ebrfaq\u00ebsuesit e Bashkimit Europian, Mogherimini dhe Hahn N\u00eb nj\u00eb postim n\u00eb faqen e saj n\u00eb rrjetet sociale ajo shkruan se Mogrini dhe Hahn, \u201cfatkeq\u00ebsisht, t\u00eb dy mbyll\u00ebn syt\u00eb p\u00ebr Shqip\u00ebrin\u00eb, p\u00ebr faktin se atje nuk ka Gjykat\u00eb Kushtetuese, Korrupsion gjigand, mashtrim elektoral i provuar, prodhimi me i [&hellip;]<\/p>\n","protected":false},"author":2013,"featured_media":82456,"comment_status":"open","ping_status":"closed","sticky":false,"template":"","format":"standard","meta":{"footnotes":""},"categories":[241,235],"tags":[],"class_list":{"0":"post-86680","1":"post","2":"type-post","3":"status-publish","4":"format-standard","5":"has-post-thumbnail","7":"category-aktualitet","8":"category-vendi"},"_links":{"self":[{"href":"https:\/\/zjarr.tv\/sq\/wp-json\/wp\/v2\/posts\/86680","targetHints":{"allow":["GET"]}}],"collection":[{"href":"https:\/\/zjarr.tv\/sq\/wp-json\/wp\/v2\/posts"}],"about":[{"href":"https:\/\/zjarr.tv\/sq\/wp-json\/wp\/v2\/types\/post"}],"author":[{"embeddable":true,"href":"https:\/\/zjarr.tv\/sq\/wp-json\/wp\/v2\/users\/2013"}],"replies":[{"embeddable":true,"href":"https:\/\/zjarr.tv\/sq\/wp-json\/wp\/v2\/comments?post=86680"}],"version-history":[{"count":0,"href":"https:\/\/zjarr.tv\/sq\/wp-json\/wp\/v2\/posts\/86680\/revisions"}],"wp:featuredmedia":[{"embeddable":true,"href":"https:\/\/zjarr.tv\/sq\/wp-json\/wp\/v2\/media\/82456"}],"wp:attachment":[{"href":"https:\/\/zjarr.tv\/sq\/wp-json\/wp\/v2\/media?parent=86680"}],"wp:term":[{"taxonomy":"category","embeddable":true,"href":"https:\/\/zjarr.tv\/sq\/wp-json\/wp\/v2\/categories?post=86680"},{"taxonomy":"post_tag","embeddable":true,"href":"https:\/\/zjarr.tv\/sq\/wp-json\/wp\/v2\/tags?post=86680"}],"curies":[{"name":"wp","href":"https:\/\/api.w.org\/{rel}","templated":true}]}}