{"id":86685,"date":"2019-05-30T14:20:05","date_gmt":"2019-05-30T12:20:05","guid":{"rendered":"https:\/\/zjarr.tv\/?p=86685"},"modified":"2019-05-30T14:20:05","modified_gmt":"2019-05-30T12:20:05","slug":"gjermanet-nuk-i-besojne-mogherinit-dhe-hahn-do-shohim-raportet-tona","status":"publish","type":"post","link":"https:\/\/zjarr.tv\/sq\/gjermanet-nuk-i-besojne-mogherinit-dhe-hahn-do-shohim-raportet-tona\/","title":{"rendered":"Gjerman\u00ebt nuk i besojn\u00eb Mogherinit dhe Hahn: Do shohim raportet tona"},"content":{"rendered":"<p>Ligjv\u00ebn\u00ebsit gjerman\u00eb nuk i besojn\u00eb drejtuesve t\u00eb BE-s\u00eb Johanes Hahn dhe Frederica Mogherinit n\u00eb lidhje me progres raportin e Shqip\u00ebris\u00eb n\u00eb hapjen e negociatave.<\/p>\n<p>Kjo vihet re n\u00eb deklarat\u00ebn e b\u00ebr\u00eb nga n\u00ebnkryetari i CDU-s\u00eb Dr. Johann David Wadephul, i cili thot\u00eb se grupi parlamentar i CDU\/CSU-s\u00eb do t\u00eb analizoj\u00eb me kujdes raportin e KE-s\u00eb p\u00ebr Shqip\u00ebrin\u00eb dhe do ta krahasoj\u00eb edhe me analiza t\u00eb tjera q\u00eb ka n\u00eb dispozicion.<\/p>\n<p>\u2018Grupi parlamentar i CDU \/ CSU do t\u00eb analizoj\u00eb me kujdes raportet e progresit mbi Shqip\u00ebrin\u00eb dhe Maqedonin\u00eb e Veriut dhe do ta krahasoj\u00eb at\u00eb me analizat e tjera n\u00eb dispozicion t\u00eb tij. Vet\u00ebm n\u00eb k\u00ebt\u00eb m\u00ebnyr\u00eb mund t\u00eb marrim nj\u00eb vendim t\u00eb p\u00ebrgjegjsh\u00ebm n\u00ebse kushtet e fillimit t\u00eb bisedimeve t\u00eb pranimit me t\u00eb dy vendet jan\u00eb realizuar\u2019, thuhet n\u00eb deklarat\u00ebn CDU\/CSU-s\u00eb.<\/p>\n","protected":false},"excerpt":{"rendered":"<p>Ligjv\u00ebn\u00ebsit gjerman\u00eb nuk i besojn\u00eb drejtuesve t\u00eb BE-s\u00eb Johanes Hahn dhe Frederica Mogherinit n\u00eb lidhje me progres raportin e Shqip\u00ebris\u00eb n\u00eb hapjen e negociatave. Kjo vihet re n\u00eb deklarat\u00ebn e b\u00ebr\u00eb nga n\u00ebnkryetari i CDU-s\u00eb Dr. Johann David Wadephul, i cili thot\u00eb se grupi parlamentar i CDU\/CSU-s\u00eb do t\u00eb analizoj\u00eb me kujdes raportin e KE-s\u00eb [&hellip;]<\/p>\n","protected":false},"author":2013,"featured_media":86672,"comment_status":"open","ping_status":"closed","sticky":false,"template":"","format":"standard","meta":{"footnotes":""},"categories":[241,235],"tags":[],"class_list":{"0":"post-86685","1":"post","2":"type-post","3":"status-publish","4":"format-standard","5":"has-post-thumbnail","7":"category-aktualitet","8":"category-vendi"},"_links":{"self":[{"href":"https:\/\/zjarr.tv\/sq\/wp-json\/wp\/v2\/posts\/86685","targetHints":{"allow":["GET"]}}],"collection":[{"href":"https:\/\/zjarr.tv\/sq\/wp-json\/wp\/v2\/posts"}],"about":[{"href":"https:\/\/zjarr.tv\/sq\/wp-json\/wp\/v2\/types\/post"}],"author":[{"embeddable":true,"href":"https:\/\/zjarr.tv\/sq\/wp-json\/wp\/v2\/users\/2013"}],"replies":[{"embeddable":true,"href":"https:\/\/zjarr.tv\/sq\/wp-json\/wp\/v2\/comments?post=86685"}],"version-history":[{"count":0,"href":"https:\/\/zjarr.tv\/sq\/wp-json\/wp\/v2\/posts\/86685\/revisions"}],"wp:featuredmedia":[{"embeddable":true,"href":"https:\/\/zjarr.tv\/sq\/wp-json\/wp\/v2\/media\/86672"}],"wp:attachment":[{"href":"https:\/\/zjarr.tv\/sq\/wp-json\/wp\/v2\/media?parent=86685"}],"wp:term":[{"taxonomy":"category","embeddable":true,"href":"https:\/\/zjarr.tv\/sq\/wp-json\/wp\/v2\/categories?post=86685"},{"taxonomy":"post_tag","embeddable":true,"href":"https:\/\/zjarr.tv\/sq\/wp-json\/wp\/v2\/tags?post=86685"}],"curies":[{"name":"wp","href":"https:\/\/api.w.org\/{rel}","templated":true}]}}