{"id":86687,"date":"2019-05-30T14:21:11","date_gmt":"2019-05-30T12:21:11","guid":{"rendered":"https:\/\/zjarr.tv\/?p=86687"},"modified":"2019-05-30T14:21:11","modified_gmt":"2019-05-30T12:21:11","slug":"basha-e-meta-vizite-ne-gjermani-takime-te-rendesishme","status":"publish","type":"post","link":"https:\/\/zjarr.tv\/sq\/basha-e-meta-vizite-ne-gjermani-takime-te-rendesishme\/","title":{"rendered":"Basha e Meta vizit\u00eb n\u00eb Gjermani\/ Takime t\u00eb r\u00ebnd\u00ebsishme"},"content":{"rendered":"<p>Kur mediat e m\u00ebdha n\u00eb Europ\u00eb jan\u00eb mbushur me raportime se Komisioni Europian ka rekomanduar nisjen e negociatave t\u00eb pranimit me Shqip\u00ebrin\u00eb, por vende si Franca, Holanda, Danimarka e Belgjika mund t\u00eb dalin kund\u00ebr, nj\u00eb deklarat\u00eb e fort\u00eb mb\u00ebrriti nga Gjermania.<\/p>\n<p>Grupi m\u00eb i madh parlamentar, CDU\/CSU qart\u00ebsoi se vendimi p\u00ebr Shqip\u00ebrin\u00eb do t\u00eb merret n\u00eb vjesht\u00eb, dhe ndryshe nga sa \u00ebsht\u00eb spekuluar n\u00eb median shqiptare, p\u00ebr k\u00ebt\u00eb vendim jan\u00eb pajtuar edhe socialdemokrat\u00ebt e SPD.<\/p>\n<p>Deklarata e CDU\/CSU duket se e rr\u00ebzon progres-raportin e Komisionit Europian, kur thot\u00eb se Shqip\u00ebria nuk ka plot\u00ebsuar asnj\u00eb kusht t\u00eb vet\u00ebm nga ato q\u00eb i jan\u00eb l\u00ebn\u00eb.<\/p>\n<p>Mbi t\u00eb gjitha, CDU\/CSU thot\u00eb se informacionet p\u00ebr t\u00eb marr\u00eb vendimin e tyre do i marrin jo vet\u00ebm nga progres-raporti, por edhe nga burime t\u00eb tjera.<\/p>\n<p>Interesant \u00ebsht\u00eb fakti se nd\u00ebrsa n\u00eb progres-raport theksohet fakti q\u00eb reforma n\u00eb drejt\u00ebsi \u00ebsht\u00eb ajo q\u00eb i jep pesh\u00ebn vendimtare rekomandimit p\u00ebr nisjen e negociatave, gjerman\u00ebt jan\u00eb skeptik\u00eb. Sipas CDU\/CSU, Shqip\u00ebria nuk ka nj\u00eb sistem gjyq\u00ebsor funksional.<\/p>\n<p>N\u00eb fund, gjerman\u00ebt e CDU\/CSU b\u00ebjn\u00eb thirrje p\u00ebr dialog dhe s\u00ebrish vet\u00ebofrohen p\u00ebr negociata, duke th\u00ebn\u00eb se asnj\u00eb tem\u00eb nuk duhet t\u00eb jet\u00eb tabu.<\/p>\n<p>Nd\u00ebrkoh\u00eb l\u00ebvizje duket se do ket\u00eb edhe n\u00eb Gjermani.<\/p>\n<p>\u2018Jav\u00ebn e ardhshme n\u00eb Gjermani pritet t\u00eb vijn\u00eb nj\u00eb s\u00ebr\u00eb politikan\u00ebsh nga Ballkani Per\u00ebndimor, nd\u00ebr ta edhe kreu i opozit\u00ebs s\u00eb Shqip\u00ebris\u00eb, Lulzim Basha, dhe presidenti i Republik\u00ebs, Ilir Meta.<\/p>\n<p>Vizitat e tyre jan\u00eb jozyrtare, por nuk p\u00ebrjashtohet mund\u00ebsia q\u00eb t\u00eb flitet p\u00ebr mund\u00ebsit\u00eb e ndihmes\u00ebs gjermane p\u00ebr kap\u00ebrcimin e kriz\u00ebs n\u00eb Shqip\u00ebri. Vizita m\u00eb e r\u00ebnd\u00ebsishme jav\u00ebs s\u00eb ardhshme n\u00eb lidhje me Ballkanin Per\u00ebndimor, pritet t\u00eb jet\u00eb megjithat\u00eb ajo me kryeministrin e Kosov\u00ebs, Ramush Haradinaj, i cili t\u00eb enjten paradite do t\u00eb takohet me kancelaren Angela Merkel,\u2019 shkruan Doj\u00e7e Vele.<\/p>\n<p>Raportohet se Basha do t\u00eb udh\u00ebtoj\u00eb drejt Gjermanis\u00eb n\u00eb 3 qershor, nj\u00eb dit\u00eb pas protest\u00ebs s\u00eb 2 qershorit.<\/p>\n<p>K\u00ebto zhvillime vijn\u00eb pas nj\u00eb editoriali t\u00eb gazetares Adelheid Woelfl, njoh\u00ebse e mir\u00eb e rajonit, e cila shkruante se PD ka lidhje t\u00eb mira n\u00eb Gjermani dhe mund t\u2019i p\u00ebrdor\u00eb ato p\u00ebr zgjidhjen e kriz\u00ebs.<\/p>\n<p>&nbsp;<\/p>\n","protected":false},"excerpt":{"rendered":"<p>Kur mediat e m\u00ebdha n\u00eb Europ\u00eb jan\u00eb mbushur me raportime se Komisioni Europian ka rekomanduar nisjen e negociatave t\u00eb pranimit me Shqip\u00ebrin\u00eb, por vende si Franca, Holanda, Danimarka e Belgjika mund t\u00eb dalin kund\u00ebr, nj\u00eb deklarat\u00eb e fort\u00eb mb\u00ebrriti nga Gjermania. Grupi m\u00eb i madh parlamentar, CDU\/CSU qart\u00ebsoi se vendimi p\u00ebr Shqip\u00ebrin\u00eb do t\u00eb merret [&hellip;]<\/p>\n","protected":false},"author":2013,"featured_media":0,"comment_status":"open","ping_status":"closed","sticky":false,"template":"","format":"standard","meta":{"footnotes":""},"categories":[241,235],"tags":[],"class_list":{"0":"post-86687","1":"post","2":"type-post","3":"status-publish","4":"format-standard","6":"category-aktualitet","7":"category-vendi"},"_links":{"self":[{"href":"https:\/\/zjarr.tv\/sq\/wp-json\/wp\/v2\/posts\/86687","targetHints":{"allow":["GET"]}}],"collection":[{"href":"https:\/\/zjarr.tv\/sq\/wp-json\/wp\/v2\/posts"}],"about":[{"href":"https:\/\/zjarr.tv\/sq\/wp-json\/wp\/v2\/types\/post"}],"author":[{"embeddable":true,"href":"https:\/\/zjarr.tv\/sq\/wp-json\/wp\/v2\/users\/2013"}],"replies":[{"embeddable":true,"href":"https:\/\/zjarr.tv\/sq\/wp-json\/wp\/v2\/comments?post=86687"}],"version-history":[{"count":0,"href":"https:\/\/zjarr.tv\/sq\/wp-json\/wp\/v2\/posts\/86687\/revisions"}],"wp:attachment":[{"href":"https:\/\/zjarr.tv\/sq\/wp-json\/wp\/v2\/media?parent=86687"}],"wp:term":[{"taxonomy":"category","embeddable":true,"href":"https:\/\/zjarr.tv\/sq\/wp-json\/wp\/v2\/categories?post=86687"},{"taxonomy":"post_tag","embeddable":true,"href":"https:\/\/zjarr.tv\/sq\/wp-json\/wp\/v2\/tags?post=86687"}],"curies":[{"name":"wp","href":"https:\/\/api.w.org\/{rel}","templated":true}]}}