{"id":86689,"date":"2019-05-30T14:22:26","date_gmt":"2019-05-30T12:22:26","guid":{"rendered":"https:\/\/zjarr.tv\/?p=86689"},"modified":"2019-05-30T14:22:26","modified_gmt":"2019-05-30T12:22:26","slug":"cdu-csu-ne-shqiperi-nuk-ka-gjyqesor-nuk-ka-gjykate-kushtetuese-e-te-larte","status":"publish","type":"post","link":"https:\/\/zjarr.tv\/sq\/cdu-csu-ne-shqiperi-nuk-ka-gjyqesor-nuk-ka-gjykate-kushtetuese-e-te-larte\/","title":{"rendered":"CDU\/CSU: N\u00eb Shqip\u00ebri nuk ka gjyq\u00ebsor, nuk ka Gjykat\u00eb Kushtetuese e t\u00eb Lart\u00eb"},"content":{"rendered":"<p>N\u00eb nj\u00eb deklarat\u00eb zyrtare n\u00eb lidhje me progres raportin e Shqip\u00ebris\u00eb dhe rekomandimin e hapjes s\u00eb negociatave, n\u00ebnkryetari i CDU-s\u00eb Dr. Johann David Wadephul \u00ebsht\u00eb shprehur se Shqip\u00ebria nuk ka plot\u00ebsuar asnj\u00eb kusht nga ato q\u00eb i jan\u00eb l\u00ebn\u00eb n\u00eb 26 qershor t\u00eb vitit 2018.<\/p>\n<p>N\u00eb deklarat\u00ebn publike nj\u00eb theks i ve\u00e7ant\u00eb \u00ebsht\u00eb vendosur tek drejt\u00ebsia.<\/p>\n<p>CDU\/CSU thekson se n\u00eb Shqip\u00ebria \u2018nuk ka nj\u00eb sistem gjyq\u00ebsor funksional. Nuk funksionojn\u00eb as Gjykata Kushtetuese dhe as Gjykata e Lart\u00eb\u2019.<\/p>\n<p>\u2018Nj\u00eb analiz\u00eb fillestare tregon se Shqip\u00ebria deri m\u00eb tani nuk ka arritur t\u00eb p\u00ebrmbush\u00eb asnj\u00eb nga kushtet p\u00ebr hapjen e negociatave p\u00ebr an\u00ebtar\u00ebsim, si\u00e7 u k\u00ebrkua nga ministrat e Jasht\u00ebm t\u00eb BE m\u00eb 28 qershor t\u00eb vitit 2018. Nuk ka nj\u00eb sistem gjyq\u00ebsor funksional.<\/p>\n<p>Nuk funksionojn\u00eb as Gjykata Kushtetuese dhe as Gjykata e Lart\u00eb.<\/p>\n<p>Nuk jan\u00eb krijuar as nj\u00ebsia antikorrupsion SPAK dhe as Byroja Komb\u00ebtare e Hetimit. Ka p\u00ebrparime n\u00eb nivele t\u00eb ul\u00ebta dhe t\u00eb mesme n\u00eb luft\u00ebn kund\u00ebr korrupsionit. Por ka shum\u00eb pak raste t\u00eb procedimeve p\u00ebr korrupsion n\u00eb nivele t\u00eb larta dhe as d\u00ebnime.<\/p>\n<p>N\u00eb m\u00ebnyr\u00eb t\u00eb ngjashme jan\u00eb t\u00eb dob\u00ebta p\u00ebrpjekjet p\u00ebr t\u00eb luftuar krimin e organizuar. P\u00ebrve\u00e7 k\u00ebsaj, nuk \u00ebsht\u00eb nisur asnj\u00eb procedur\u00eb ligjore ndaj politikan\u00ebve dhe kriminel\u00ebve p\u00ebr blerje t\u00eb votave. N\u00eb fund t\u00eb fundit, ligji i ri zgjedhor i k\u00ebrkuar nga Ministrat e Jasht\u00ebm nuk \u00ebsht\u00eb miratuar akoma\u2019,\u00a0thuhet n\u00eb deklarat\u00ebn zyrtare.<\/p>\n<p>&nbsp;<\/p>\n","protected":false},"excerpt":{"rendered":"<p>N\u00eb nj\u00eb deklarat\u00eb zyrtare n\u00eb lidhje me progres raportin e Shqip\u00ebris\u00eb dhe rekomandimin e hapjes s\u00eb negociatave, n\u00ebnkryetari i CDU-s\u00eb Dr. Johann David Wadephul \u00ebsht\u00eb shprehur se Shqip\u00ebria nuk ka plot\u00ebsuar asnj\u00eb kusht nga ato q\u00eb i jan\u00eb l\u00ebn\u00eb n\u00eb 26 qershor t\u00eb vitit 2018. N\u00eb deklarat\u00ebn publike nj\u00eb theks i ve\u00e7ant\u00eb \u00ebsht\u00eb vendosur tek [&hellip;]<\/p>\n","protected":false},"author":2013,"featured_media":83101,"comment_status":"open","ping_status":"closed","sticky":false,"template":"","format":"standard","meta":{"footnotes":""},"categories":[241,235],"tags":[],"class_list":{"0":"post-86689","1":"post","2":"type-post","3":"status-publish","4":"format-standard","5":"has-post-thumbnail","7":"category-aktualitet","8":"category-vendi"},"_links":{"self":[{"href":"https:\/\/zjarr.tv\/sq\/wp-json\/wp\/v2\/posts\/86689","targetHints":{"allow":["GET"]}}],"collection":[{"href":"https:\/\/zjarr.tv\/sq\/wp-json\/wp\/v2\/posts"}],"about":[{"href":"https:\/\/zjarr.tv\/sq\/wp-json\/wp\/v2\/types\/post"}],"author":[{"embeddable":true,"href":"https:\/\/zjarr.tv\/sq\/wp-json\/wp\/v2\/users\/2013"}],"replies":[{"embeddable":true,"href":"https:\/\/zjarr.tv\/sq\/wp-json\/wp\/v2\/comments?post=86689"}],"version-history":[{"count":0,"href":"https:\/\/zjarr.tv\/sq\/wp-json\/wp\/v2\/posts\/86689\/revisions"}],"wp:featuredmedia":[{"embeddable":true,"href":"https:\/\/zjarr.tv\/sq\/wp-json\/wp\/v2\/media\/83101"}],"wp:attachment":[{"href":"https:\/\/zjarr.tv\/sq\/wp-json\/wp\/v2\/media?parent=86689"}],"wp:term":[{"taxonomy":"category","embeddable":true,"href":"https:\/\/zjarr.tv\/sq\/wp-json\/wp\/v2\/categories?post=86689"},{"taxonomy":"post_tag","embeddable":true,"href":"https:\/\/zjarr.tv\/sq\/wp-json\/wp\/v2\/tags?post=86689"}],"curies":[{"name":"wp","href":"https:\/\/api.w.org\/{rel}","templated":true}]}}