{"id":86694,"date":"2019-05-30T14:24:53","date_gmt":"2019-05-30T12:24:53","guid":{"rendered":"https:\/\/zjarr.tv\/?p=86694"},"modified":"2019-05-30T14:24:53","modified_gmt":"2019-05-30T12:24:53","slug":"protesta-per-ujin-e-pijshem-romet-pushtojne-fierin","status":"publish","type":"post","link":"https:\/\/zjarr.tv\/sq\/protesta-per-ujin-e-pijshem-romet-pushtojne-fierin\/","title":{"rendered":"Protesta p\u00ebr ujin e pijsh\u00ebm, rom\u00ebt \u2018pushtojn\u00eb\u2019 Fierin"},"content":{"rendered":"<p>Banor\u00eb t\u00eb komunitetit rom n\u00eb Fier, marshuan n\u00eb k\u00ebmb\u00eb nga Mbrostari para Bashkis\u00eb p\u00ebr ti kujtuar premtimin sipas tyre t\u00eb pambajtur p\u00ebr ujin e pijsh\u00ebm. N\u00eb p\u00ebrgjigje mor\u00ebn konfirmin se n\u00eb nj\u00eb koh\u00eb t\u00eb shkurt\u00ebr n\u00eb zon\u00ebn e tyre do t\u00eb nis\u00eb nj\u00eb projekt rehabilitimi, por u kujtuan edhe faktin se kan\u00eb qen\u00eb vet\u00eb ata q\u00eb kan\u00eb d\u00ebmtuar rrjetin dhe mat\u00ebsit p\u00ebr t\u00eb mos paguar faturat.<\/p>\n<p>Me pankart\u00ebn \u201cA do na sjell\u00eb uj\u00eb n\u00eb sht\u00ebpit\u00eb tona hapja e negociave me BE\u201d, dhe bidon\u00eb bosh n\u00eb duar, komuniteti rom n\u00eb Fier marshoi n\u00eb rrug\u00ebt e qytetit p\u00ebr problemet jetike.<\/p>\n<p>Para Bashkis\u00eb s\u00eb Fierit, theksuan se prej 20 vitesh n\u00eb sht\u00ebpit\u00eb e tyre n\u00eb Mbrostar ku jan\u00eb p\u00ebrq\u00ebndruar nuk rrjedh uj\u00eb i pijsh\u00ebm.<\/p>\n<p>&#8220;Shkojm\u00eb tek t\u00eb tjer\u00ebt dhe mbushim bidon\u00ebt&#8221;.<\/p>\n<p>P\u00ebrmir\u00ebsimi i infrastruktur\u00ebs \u00ebsht\u00eb nj\u00eb tjet\u00ebr premtim i pambajtur sipas tyre nga bashkia e Fierit.<\/p>\n<p>Ndaj n\u00eb prag t\u00eb nisjes s\u00eb fushat\u00ebs p\u00ebr zgjedhjet vendore i kujtuan kryebashkiakut t\u00eb majt\u00eb votat.<\/p>\n<p>&#8220;Deri kur do t\u00eb vazhdoj\u00eb kjo, votat do t\u00eb vin\u00eb t\u00eb na i k\u00ebrkojn\u00eb?&#8221;<\/p>\n<p>&#8220;Kam votuar p\u00ebr ta dhe nuk m\u00eb kan\u00eb b\u00ebr\u00eb asgj\u00eb. Legalizimet jo, tok\u00ebn nuk ma kan\u00eb dh\u00ebn\u00eb&#8221;.<\/p>\n<p>Nj\u00eb p\u00ebrfaq\u00ebsi e tyre u ftua n\u00eb Bashkia p\u00ebr ti sqaruar arsyet e vonesave.<\/p>\n<p>N\u00eb dalje, banor\u00ebt than\u00eb se zyrtar\u00ebt i vun\u00eb n\u00eb dijeni se brenda dy muajve n\u00eb zon\u00eb do t\u00eb nis\u00eb nj\u00eb nd\u00ebrhyrje rr\u00ebnj\u00ebsore, por ata ishin kujdesur tu thonin se kjo nuk lidhej me fushat\u00ebn.<\/p>\n<p>&#8220;Sipas bashkis\u00eb ishte n\u00eb projekt. I pari ishte projekti p\u00ebr uj\u00ebrat e zeza dhe pastaj uji i pijsh\u00ebm&#8221;.<\/p>\n<p>Por nga ana tjet\u00ebr, banor\u00ebve i \u00ebsht\u00eb b\u00ebr\u00eb e qart\u00eb se jan\u00eb debitor n\u00eb pages\u00ebn e ujit t\u00eb pijsh\u00ebm dhe kan\u00eb qen\u00eb vet\u00eb ata q\u00eb kan\u00eb prishur linjat e furnizimit dhe mat\u00ebsat e ujit.<\/p>\n<p>&nbsp;<\/p>\n","protected":false},"excerpt":{"rendered":"<p>Banor\u00eb t\u00eb komunitetit rom n\u00eb Fier, marshuan n\u00eb k\u00ebmb\u00eb nga Mbrostari para Bashkis\u00eb p\u00ebr ti kujtuar premtimin sipas tyre t\u00eb pambajtur p\u00ebr ujin e pijsh\u00ebm. N\u00eb p\u00ebrgjigje mor\u00ebn konfirmin se n\u00eb nj\u00eb koh\u00eb t\u00eb shkurt\u00ebr n\u00eb zon\u00ebn e tyre do t\u00eb nis\u00eb nj\u00eb projekt rehabilitimi, por u kujtuan edhe faktin se kan\u00eb qen\u00eb vet\u00eb ata [&hellip;]<\/p>\n","protected":false},"author":2013,"featured_media":86695,"comment_status":"open","ping_status":"closed","sticky":false,"template":"","format":"standard","meta":{"footnotes":""},"categories":[241,235],"tags":[],"class_list":{"0":"post-86694","1":"post","2":"type-post","3":"status-publish","4":"format-standard","5":"has-post-thumbnail","7":"category-aktualitet","8":"category-vendi"},"_links":{"self":[{"href":"https:\/\/zjarr.tv\/sq\/wp-json\/wp\/v2\/posts\/86694","targetHints":{"allow":["GET"]}}],"collection":[{"href":"https:\/\/zjarr.tv\/sq\/wp-json\/wp\/v2\/posts"}],"about":[{"href":"https:\/\/zjarr.tv\/sq\/wp-json\/wp\/v2\/types\/post"}],"author":[{"embeddable":true,"href":"https:\/\/zjarr.tv\/sq\/wp-json\/wp\/v2\/users\/2013"}],"replies":[{"embeddable":true,"href":"https:\/\/zjarr.tv\/sq\/wp-json\/wp\/v2\/comments?post=86694"}],"version-history":[{"count":0,"href":"https:\/\/zjarr.tv\/sq\/wp-json\/wp\/v2\/posts\/86694\/revisions"}],"wp:featuredmedia":[{"embeddable":true,"href":"https:\/\/zjarr.tv\/sq\/wp-json\/wp\/v2\/media\/86695"}],"wp:attachment":[{"href":"https:\/\/zjarr.tv\/sq\/wp-json\/wp\/v2\/media?parent=86694"}],"wp:term":[{"taxonomy":"category","embeddable":true,"href":"https:\/\/zjarr.tv\/sq\/wp-json\/wp\/v2\/categories?post=86694"},{"taxonomy":"post_tag","embeddable":true,"href":"https:\/\/zjarr.tv\/sq\/wp-json\/wp\/v2\/tags?post=86694"}],"curies":[{"name":"wp","href":"https:\/\/api.w.org\/{rel}","templated":true}]}}