{"id":86709,"date":"2019-05-30T14:36:26","date_gmt":"2019-05-30T12:36:26","guid":{"rendered":"https:\/\/zjarr.tv\/?p=86709"},"modified":"2019-05-30T14:36:26","modified_gmt":"2019-05-30T12:36:26","slug":"prishtina-fut-ne-listen-e-zeze-kryeministren-serbe-pacolli-sa-te-jem-minister-nuk-shkel-ne-kosove","status":"publish","type":"post","link":"https:\/\/zjarr.tv\/sq\/prishtina-fut-ne-listen-e-zeze-kryeministren-serbe-pacolli-sa-te-jem-minister-nuk-shkel-ne-kosove\/","title":{"rendered":"Prishtina fut n\u00eb list\u00ebn e zez\u00eb Kryeministren serbe, Pacolli: Sa t\u00eb jem Minist\u00ebr nuk shkel n\u00eb Kosov\u00eb"},"content":{"rendered":"<p><em>Deklaratat ofenduese q\u00eb kryeministrja e Serbis\u00eb b\u00ebri kundrejt koleg\u00ebve t\u00eb saj t\u00eb Kosov\u00ebs nj\u00eb dit\u00eb m\u00eb par\u00eb e kan\u00eb shtuar at\u00eb n\u00eb list\u00ebn e zez\u00eb t\u00eb Prishtin\u00ebs.<\/em><\/p>\n<p>Nj\u00eb tjet\u00ebr zyrtar i lart\u00eb i Serbis\u00eb \u00ebsht\u00eb shtuar n\u00eb list\u00ebn e personave t\u00eb pad\u00ebshiruar n\u00eb Kosov\u00eb.<\/p>\n<p>K\u00ebt\u00eb radh\u00eb b\u00ebhet fjal\u00eb p\u00ebr kryeministren e vendit, Ana B\u00ebrnabi\u00e7.<\/p>\n<p>Shkak u b\u00eb nj\u00eb deklarat\u00eb e kryeqeveritares serbe gjat\u00eb nj\u00eb konferenc\u00eb shtypi me shefin e delegacionit t\u00eb BE-s\u00eb n\u00eb Beograd.<\/p>\n<p>Duke folur p\u00ebr zhvillimet e fundit n\u00eb raportet mes Kosov\u00ebs dhe Serbis\u00eb, B\u00ebrnabi\u00e7 tentoi t\u00eb ul\u00eb figur\u00ebn e pal\u00ebs kund\u00ebrshtare, duke i quajtur ata &#8220;njer\u00ebz t\u00eb ardhur nga mali&#8221; me t\u00eb cil\u00ebt \u00ebsht\u00eb v\u00ebshtir\u00eb t\u00eb dialogohet.<\/p>\n<p>N\u00eb kund\u00ebrp\u00ebrgjigje, shefi i diplomacis\u00eb n\u00eb Prishtin\u00eb, Behgjet Pacolli, njoftoi se sa t\u00eb jet\u00eb ai Minist\u00ebr i Jasht\u00ebm, kryeministrja serbe nuk do t\u00eb lejohet t\u00eb hyj\u00eb n\u00eb Kosov\u00eb.<\/p>\n<p><em>Pacolli:\u00a0&#8220;Ky raciz\u00ebm i institucionalizuar e ka brumin n\u00eb ideologjin\u00eb ultranacionaliste t\u00eb s\u00ebmur\u00eb q\u00eb promovon qeveria serbe. Shpresoj q\u00eb Evropa sot t\u00eb kuptoj\u00eb se me \u00e7far\u00eb lloj njer\u00ebzish kemi t\u00eb b\u00ebjm\u00eb, me ata q\u00eb kan\u00eb mb\u00ebshtetur vrasjet masive dhe mohojn\u00eb krimet e luft\u00ebs t\u00eb kryera nga ish-Jugosllavia.&#8221;<\/em><\/p>\n<p>Deklaratat e shefes s\u00eb kabinetit n\u00eb Serbi erdh\u00ebn gjat\u00eb prezantimit t\u00eb progresraportit p\u00ebr integrimin n\u00eb Bashkimin Europian.<\/p>\n<p>Raporti vler\u00ebsoi ecurin\u00eb ekonomike t\u00eb vendit por nuk ndali rezervat p\u00ebr lirin\u00eb e t\u00eb shprehurit dhe t\u00eb shtypit, pun\u00ebn e parlamentit, protestat antiqeveritare dhe bashk\u00ebpunimin me shoq\u00ebrin\u00eb civile.<\/p>\n<p>Progresraporti iu dor\u00ebzua t\u00eb m\u00ebrkur\u00ebn edhe qeveris\u00eb s\u00eb Kosov\u00ebs.<\/p>\n<p>Kryeministri, Ramush Haradinaj, tha se jav\u00ebn e ardhshme do t\u00eb analizohen gjetjet e raportit, por edhe kritikat n\u00eb t\u00eb, ve\u00e7an\u00ebrisht ato p\u00ebr aplikimin e taks\u00ebs 100 p\u00ebr qind ndaj Serbis\u00eb.<\/p>\n<p>&nbsp;<\/p>\n","protected":false},"excerpt":{"rendered":"<p>Deklaratat ofenduese q\u00eb kryeministrja e Serbis\u00eb b\u00ebri kundrejt koleg\u00ebve t\u00eb saj t\u00eb Kosov\u00ebs nj\u00eb dit\u00eb m\u00eb par\u00eb e kan\u00eb shtuar at\u00eb n\u00eb list\u00ebn e zez\u00eb t\u00eb Prishtin\u00ebs. Nj\u00eb tjet\u00ebr zyrtar i lart\u00eb i Serbis\u00eb \u00ebsht\u00eb shtuar n\u00eb list\u00ebn e personave t\u00eb pad\u00ebshiruar n\u00eb Kosov\u00eb. K\u00ebt\u00eb radh\u00eb b\u00ebhet fjal\u00eb p\u00ebr kryeministren e vendit, Ana B\u00ebrnabi\u00e7. Shkak [&hellip;]<\/p>\n","protected":false},"author":2013,"featured_media":59236,"comment_status":"open","ping_status":"closed","sticky":false,"template":"","format":"standard","meta":{"footnotes":""},"categories":[241,2],"tags":[],"class_list":{"0":"post-86709","1":"post","2":"type-post","3":"status-publish","4":"format-standard","5":"has-post-thumbnail","7":"category-aktualitet","8":"category-rajoni"},"_links":{"self":[{"href":"https:\/\/zjarr.tv\/sq\/wp-json\/wp\/v2\/posts\/86709","targetHints":{"allow":["GET"]}}],"collection":[{"href":"https:\/\/zjarr.tv\/sq\/wp-json\/wp\/v2\/posts"}],"about":[{"href":"https:\/\/zjarr.tv\/sq\/wp-json\/wp\/v2\/types\/post"}],"author":[{"embeddable":true,"href":"https:\/\/zjarr.tv\/sq\/wp-json\/wp\/v2\/users\/2013"}],"replies":[{"embeddable":true,"href":"https:\/\/zjarr.tv\/sq\/wp-json\/wp\/v2\/comments?post=86709"}],"version-history":[{"count":0,"href":"https:\/\/zjarr.tv\/sq\/wp-json\/wp\/v2\/posts\/86709\/revisions"}],"wp:featuredmedia":[{"embeddable":true,"href":"https:\/\/zjarr.tv\/sq\/wp-json\/wp\/v2\/media\/59236"}],"wp:attachment":[{"href":"https:\/\/zjarr.tv\/sq\/wp-json\/wp\/v2\/media?parent=86709"}],"wp:term":[{"taxonomy":"category","embeddable":true,"href":"https:\/\/zjarr.tv\/sq\/wp-json\/wp\/v2\/categories?post=86709"},{"taxonomy":"post_tag","embeddable":true,"href":"https:\/\/zjarr.tv\/sq\/wp-json\/wp\/v2\/tags?post=86709"}],"curies":[{"name":"wp","href":"https:\/\/api.w.org\/{rel}","templated":true}]}}