{"id":86714,"date":"2019-05-30T14:38:49","date_gmt":"2019-05-30T12:38:49","guid":{"rendered":"https:\/\/zjarr.tv\/?p=86714"},"modified":"2019-05-30T14:38:49","modified_gmt":"2019-05-30T12:38:49","slug":"thaci-kerkon-qe-be-ja-ta-denoje-gjuhen-raciste-te-kryeministres-serbe","status":"publish","type":"post","link":"https:\/\/zjarr.tv\/sq\/thaci-kerkon-qe-be-ja-ta-denoje-gjuhen-raciste-te-kryeministres-serbe\/","title":{"rendered":"Tha\u00e7i k\u00ebrkon q\u00eb BE-ja ta d\u00ebnoj\u00eb gjuh\u00ebn raciste t\u00eb kryeministres serbe"},"content":{"rendered":"<p>Presidenti i Kosov\u00ebs, Hashim Tha\u00e7i, tha p\u00ebr Radion Evropa e Lir\u00eb se gjuha e p\u00ebrdorur nga kryeministrja e Serbis\u00eb, Ana B\u00ebrnabiq, \u00ebsht\u00eb &#8220;edhe nj\u00eb tjet\u00ebr d\u00ebshmi e urrejtjes patologjike t\u00eb regjimit aktual t\u00eb Serbis\u00eb kund\u00ebr qytetar\u00ebve t\u00eb Kosov\u00ebs&#8221;.<\/p>\n<p>Komentet e Tha\u00e7it vijn\u00eb nj\u00eb dit\u00eb pasi B\u00ebrnabiq, n\u00eb prani t\u00eb ambasadorit t\u00eb Bashkimit Evropian n\u00eb Serbi, Sem Fabrizi, tha se shqiptar\u00ebt jan\u00eb \u201cnjer\u00ebz q\u00eb v\u00ebrtet kan\u00eb dal\u00eb prej malit\u201d.<\/p>\n<p>Tha\u00e7i k\u00ebrkoi nga Bashkimi Evropian q\u00eb sa m\u00eb shpejt ta d\u00ebnoj\u00eb dhe t\u00eb distancohet nga kjo &#8220;gjuh\u00eb raciste&#8221; e zyrtar\u00ebve t\u00eb Serbis\u00eb, e cila, sipas tij, nxit urrejtje dhe i minon p\u00ebrpjekjet p\u00ebr pajtim dhe normalizim.<\/p>\n<p>\u201cKy veprim nuk paraqet asgj\u00eb t\u00eb re dhe t\u00eb jasht\u00ebzakonshme p\u00ebr ne, sepse ne e dim\u00eb shum\u00eb mir\u00eb karakterin gjenocidial t\u00eb Serbis\u00eb s\u00eb djeshme dhe asaj t\u00eb sotme\u201d, tha Tha\u00e7i.<\/p>\n<p>\u201cPor, i jasht\u00ebzakonsh\u00ebm dhe zhg\u00ebnjyes p\u00ebr ne \u00ebsht\u00eb vet\u00ebm fakti i hidhur q\u00eb BE-ja nuk e d\u00ebnon k\u00ebt\u00eb sjellje raciste dhe antievropiane t\u00eb Serbis\u00eb. P\u00ebrkundrazi, BE-ja vazhdon t&#8217;i mbaj\u00eb dyert e hapura p\u00ebr nj\u00eb shtet q\u00eb ka kryer gjenocid dhe q\u00eb nuk beson n\u00eb vlerat evropiane as sot\u201d, tha Tha\u00e7i.<\/p>\n<p>B\u00ebrnabiq i b\u00ebri komentet t\u00eb m\u00ebrkur\u00ebn, kur ambasadori i BE-s\u00eb, Fabrizi, i dor\u00ebzoi Raportin e Progresit t\u00eb Komisionit Evropian.<\/p>\n<p>Ajo po ashtu tha se disa prej shqiptar\u00ebve &#8220;jan\u00eb edhe terrorist\u00eb q\u00eb nuk jan\u00eb d\u00ebnuar&#8221; dhe q\u00eb &#8220;kan\u00eb qen\u00eb t\u00eb akuzuar n\u00eb Tribunalin e Hag\u00ebs&#8221;.<\/p>\n<p>Bashkimi Evropian nuk ka dal\u00eb ende me ndonj\u00eb reagim.<\/p>\n<p>Pas deklarat\u00ebs s\u00eb kryeministres serbe reagoi ministri i Jasht\u00ebm i Kosov\u00ebs, Behxhet Pacolli.<\/p>\n<p>Ai, p\u00ebrmes nj\u00eb postimi n\u00eb Twitter, tha se deklarata e B\u00ebrnabiqit \u00ebsht\u00eb &#8220;e neveritshme dhe t\u00ebr\u00ebsisht e papranueshme&#8221;.<\/p>\n<p>Sipas Pacollit, ky &#8220;raciz\u00ebm i institucionalizuar&#8221; i ka rr\u00ebnj\u00ebt n\u00eb ideologjin\u00eb e s\u00ebmur\u00eb ultranacionaliste.<\/p>\n<p>Kosova dhe Serbia, qysh n\u00eb vitin 2011, kan\u00eb nisur negociatat p\u00ebr normalizimin e marr\u00ebdh\u00ebnieve, me nd\u00ebrmjet\u00ebsimin e Bashkimit Evropian.<\/p>\n<p>Procesi i bisedimeve aktualisht ka ngecur, p\u00ebr shkak t\u00eb, si\u00e7 \u00ebsht\u00eb th\u00ebn\u00eb, taks\u00ebs q\u00eb u ka v\u00ebn\u00eb Kosova prodhimeve t\u00eb importuara nga Serbia.<\/p>\n<p>&nbsp;<\/p>\n","protected":false},"excerpt":{"rendered":"<p>Presidenti i Kosov\u00ebs, Hashim Tha\u00e7i, tha p\u00ebr Radion Evropa e Lir\u00eb se gjuha e p\u00ebrdorur nga kryeministrja e Serbis\u00eb, Ana B\u00ebrnabiq, \u00ebsht\u00eb &#8220;edhe nj\u00eb tjet\u00ebr d\u00ebshmi e urrejtjes patologjike t\u00eb regjimit aktual t\u00eb Serbis\u00eb kund\u00ebr qytetar\u00ebve t\u00eb Kosov\u00ebs&#8221;. Komentet e Tha\u00e7it vijn\u00eb nj\u00eb dit\u00eb pasi B\u00ebrnabiq, n\u00eb prani t\u00eb ambasadorit t\u00eb Bashkimit Evropian n\u00eb Serbi, [&hellip;]<\/p>\n","protected":false},"author":2013,"featured_media":65850,"comment_status":"open","ping_status":"closed","sticky":false,"template":"","format":"standard","meta":{"footnotes":""},"categories":[241,2],"tags":[],"class_list":{"0":"post-86714","1":"post","2":"type-post","3":"status-publish","4":"format-standard","5":"has-post-thumbnail","7":"category-aktualitet","8":"category-rajoni"},"_links":{"self":[{"href":"https:\/\/zjarr.tv\/sq\/wp-json\/wp\/v2\/posts\/86714","targetHints":{"allow":["GET"]}}],"collection":[{"href":"https:\/\/zjarr.tv\/sq\/wp-json\/wp\/v2\/posts"}],"about":[{"href":"https:\/\/zjarr.tv\/sq\/wp-json\/wp\/v2\/types\/post"}],"author":[{"embeddable":true,"href":"https:\/\/zjarr.tv\/sq\/wp-json\/wp\/v2\/users\/2013"}],"replies":[{"embeddable":true,"href":"https:\/\/zjarr.tv\/sq\/wp-json\/wp\/v2\/comments?post=86714"}],"version-history":[{"count":0,"href":"https:\/\/zjarr.tv\/sq\/wp-json\/wp\/v2\/posts\/86714\/revisions"}],"wp:featuredmedia":[{"embeddable":true,"href":"https:\/\/zjarr.tv\/sq\/wp-json\/wp\/v2\/media\/65850"}],"wp:attachment":[{"href":"https:\/\/zjarr.tv\/sq\/wp-json\/wp\/v2\/media?parent=86714"}],"wp:term":[{"taxonomy":"category","embeddable":true,"href":"https:\/\/zjarr.tv\/sq\/wp-json\/wp\/v2\/categories?post=86714"},{"taxonomy":"post_tag","embeddable":true,"href":"https:\/\/zjarr.tv\/sq\/wp-json\/wp\/v2\/tags?post=86714"}],"curies":[{"name":"wp","href":"https:\/\/api.w.org\/{rel}","templated":true}]}}