{"id":86734,"date":"2019-05-30T15:14:34","date_gmt":"2019-05-30T13:14:34","guid":{"rendered":"https:\/\/zjarr.tv\/?p=86734"},"modified":"2019-05-30T15:14:34","modified_gmt":"2019-05-30T13:14:34","slug":"i-denuar-me-3-vjet-burg-arrestohet-durrsaku","status":"publish","type":"post","link":"https:\/\/zjarr.tv\/sq\/i-denuar-me-3-vjet-burg-arrestohet-durrsaku\/","title":{"rendered":"I d\u00ebnuar me 3 vjet burg, arrestohet durrsaku"},"content":{"rendered":"<p>Esht\u00eb arrestuar nga policia nj\u00eb Durr\u00ebs nj\u00eb person I shpallur n\u00eb k\u00ebrkim.<\/p>\n<p>Kapja dhe ndalimi i tij u b\u00eb pasi Gjykata e Shkall\u00ebs s\u00eb Par\u00eb Durr\u00ebs, n\u00eb vitin 2017 e ka d\u00ebnuar me 3 vjet e 17 dit\u00eb burg, p\u00ebr vepr\u00ebn penale &#8220;Prodhim dhe shitje e narkotik\u00ebve&#8221;<\/p>\n<p>Ja njoftimi i policis\u00eb:<\/p>\n<p>Durr\u00ebs<\/p>\n<p>Vijon puna p\u00ebr kapjen e personave t\u00eb shpallur n\u00eb k\u00ebrkim .<\/p>\n<p>Nj\u00eb tjet\u00ebr person i k\u00ebrkuar p\u00ebr prodhim t\u00eb narkotik\u00ebve vihet n\u00eb pranga.<\/p>\n<p>Seksioni p\u00ebr Hetimin e Narkotik\u00ebve n\u00eb bashk\u00ebpunim me Forcat e Posa\u00e7me Operacionale n\u00eb DVP Durr\u00ebs , n\u00eb vijim t\u00eb pun\u00ebs p\u00ebr kapjen e personave t\u00eb shpallur n\u00eb k\u00ebrkim, kap\u00ebn dhe ndaluan shtetasin :<br \/>\n&#8211; Shpetim Kajmaku 42 vje\u00e7, banues n\u00eb lagjen Nr.17 Durr\u00ebs.<\/p>\n<p>Kapja dhe ndalimi i tij u b\u00eb pasi Gjykata e Shkall\u00ebs s\u00eb Par\u00eb Durr\u00ebs, n\u00eb vitin 2017 e ka d\u00ebnuar me 3 vjet e 17 dit\u00eb burg, p\u00ebr vepr\u00ebn penale &#8220;Prodhim dhe shitje e narkotik\u00ebve&#8221;<\/p>\n<p>Ky shtetas ishte i shpallur n\u00eb k\u00ebrkim pasi n\u00eb vitin 2016, n\u00eb aksin rrugor Fush\u00eb Dac- Kepi i Rodonit, pas kontrollit t\u00eb ushtruar nga ana e sh\u00ebrbimeve t\u00eb Policis\u00eb n\u00eb mjetin e tij tip Furgon jan\u00eb gjetur dhe sekuestruar n\u00eb cil\u00ebsin\u00eb e prov\u00ebs materiale 324 fidan\u00eb t\u00eb dyshuara Canabis sativa.<\/p>\n<p>Materialet hetimore u referuan n\u00eb Prokurorin\u00eb pran\u00eb Gjykat\u00ebs s\u00eb Shkall\u00ebs s\u00eb Par\u00eb Durr\u00ebs p\u00ebr veprime t\u00eb m\u00ebtejshme.<\/p>\n","protected":false},"excerpt":{"rendered":"<p>Esht\u00eb arrestuar nga policia nj\u00eb Durr\u00ebs nj\u00eb person I shpallur n\u00eb k\u00ebrkim. Kapja dhe ndalimi i tij u b\u00eb pasi Gjykata e Shkall\u00ebs s\u00eb Par\u00eb Durr\u00ebs, n\u00eb vitin 2017 e ka d\u00ebnuar me 3 vjet e 17 dit\u00eb burg, p\u00ebr vepr\u00ebn penale &#8220;Prodhim dhe shitje e narkotik\u00ebve&#8221; Ja njoftimi i policis\u00eb: Durr\u00ebs Vijon puna p\u00ebr [&hellip;]<\/p>\n","protected":false},"author":2013,"featured_media":30422,"comment_status":"open","ping_status":"closed","sticky":false,"template":"","format":"standard","meta":{"footnotes":""},"categories":[241,235],"tags":[],"class_list":{"0":"post-86734","1":"post","2":"type-post","3":"status-publish","4":"format-standard","5":"has-post-thumbnail","7":"category-aktualitet","8":"category-vendi"},"_links":{"self":[{"href":"https:\/\/zjarr.tv\/sq\/wp-json\/wp\/v2\/posts\/86734","targetHints":{"allow":["GET"]}}],"collection":[{"href":"https:\/\/zjarr.tv\/sq\/wp-json\/wp\/v2\/posts"}],"about":[{"href":"https:\/\/zjarr.tv\/sq\/wp-json\/wp\/v2\/types\/post"}],"author":[{"embeddable":true,"href":"https:\/\/zjarr.tv\/sq\/wp-json\/wp\/v2\/users\/2013"}],"replies":[{"embeddable":true,"href":"https:\/\/zjarr.tv\/sq\/wp-json\/wp\/v2\/comments?post=86734"}],"version-history":[{"count":0,"href":"https:\/\/zjarr.tv\/sq\/wp-json\/wp\/v2\/posts\/86734\/revisions"}],"wp:featuredmedia":[{"embeddable":true,"href":"https:\/\/zjarr.tv\/sq\/wp-json\/wp\/v2\/media\/30422"}],"wp:attachment":[{"href":"https:\/\/zjarr.tv\/sq\/wp-json\/wp\/v2\/media?parent=86734"}],"wp:term":[{"taxonomy":"category","embeddable":true,"href":"https:\/\/zjarr.tv\/sq\/wp-json\/wp\/v2\/categories?post=86734"},{"taxonomy":"post_tag","embeddable":true,"href":"https:\/\/zjarr.tv\/sq\/wp-json\/wp\/v2\/tags?post=86734"}],"curies":[{"name":"wp","href":"https:\/\/api.w.org\/{rel}","templated":true}]}}