{"id":86758,"date":"2019-05-30T16:42:23","date_gmt":"2019-05-30T14:42:23","guid":{"rendered":"https:\/\/zjarr.tv\/?p=86758"},"modified":"2019-05-30T16:42:23","modified_gmt":"2019-05-30T14:42:23","slug":"negociatat-bregu-per-integrimin-te-gjithe-te-jemi-ne-nje-varke","status":"publish","type":"post","link":"https:\/\/zjarr.tv\/sq\/negociatat-bregu-per-integrimin-te-gjithe-te-jemi-ne-nje-varke\/","title":{"rendered":"Negociatat\/ Bregu: P\u00ebr integrimin t\u00eb gjith\u00eb t\u00eb jemi n\u00eb nj\u00eb vark\u00eb"},"content":{"rendered":"<p>Q\u00eb nga vendosja e marr\u00ebdh\u00ebnieve diplomatike me Komunitetin Ekonomik Europian n\u00eb qershor t\u00eb 1991, rruga e Shqip\u00ebris\u00eb drejt an\u00ebtar\u00ebsimit n\u00eb Bashkimin Europian ka qen\u00eb e gjat\u00eb, e mbushur me v\u00ebshtir\u00ebsi, por dhe shum\u00eb pengesa p\u00ebr shkak t\u00eb zhvillimeve t\u00eb brendshme politike.<\/p>\n<p>Mungesa e pasjes prioritet t\u00eb axhend\u00ebs s\u00eb integrimit t\u00eb vendit, n\u00eb k\u00ebndv\u00ebshtrimin e ish-ministres s\u00eb integrimit Majlinda Bregu ka penalizuar jo pak Shqip\u00ebrin\u00eb, q\u00eb pak m\u00eb shum\u00eb se dy dekada m\u00eb par\u00eb ishte n\u00eb krah t\u00eb kroacis\u00eb, vend q\u00eb eci perpara p\u00ebr t\u00eb arritur korrikun e 2013, kur fitoi\u00a0 statusin p\u00ebr t\u00eb qen\u00eb vendi i 28 an\u00ebtar i Bashkimit europian. Majlinda Bregu uron q\u00eb n\u00eb vijim t\u00eb ket\u00eb nj\u00eb vendim pozitiv edhe p\u00ebr Shqip\u00ebrin\u00eb.<\/p>\n<p>Me rekomandimin pozitiv t\u00eb Komisionit Europian, Shqip\u00ebria mbetet n\u00eb pritje t\u00eb vler\u00ebsimit t\u00eb vendeve an\u00ebtar\u00eb t\u00eb K\u00ebshillit t\u00eb Europ\u00ebs.<\/p>\n<p>&nbsp;<\/p>\n","protected":false},"excerpt":{"rendered":"<p>Q\u00eb nga vendosja e marr\u00ebdh\u00ebnieve diplomatike me Komunitetin Ekonomik Europian n\u00eb qershor t\u00eb 1991, rruga e Shqip\u00ebris\u00eb drejt an\u00ebtar\u00ebsimit n\u00eb Bashkimin Europian ka qen\u00eb e gjat\u00eb, e mbushur me v\u00ebshtir\u00ebsi, por dhe shum\u00eb pengesa p\u00ebr shkak t\u00eb zhvillimeve t\u00eb brendshme politike. Mungesa e pasjes prioritet t\u00eb axhend\u00ebs s\u00eb integrimit t\u00eb vendit, n\u00eb k\u00ebndv\u00ebshtrimin e ish-ministres [&hellip;]<\/p>\n","protected":false},"author":2013,"featured_media":59128,"comment_status":"open","ping_status":"closed","sticky":false,"template":"","format":"standard","meta":{"footnotes":""},"categories":[241,235],"tags":[],"class_list":{"0":"post-86758","1":"post","2":"type-post","3":"status-publish","4":"format-standard","5":"has-post-thumbnail","7":"category-aktualitet","8":"category-vendi"},"_links":{"self":[{"href":"https:\/\/zjarr.tv\/sq\/wp-json\/wp\/v2\/posts\/86758","targetHints":{"allow":["GET"]}}],"collection":[{"href":"https:\/\/zjarr.tv\/sq\/wp-json\/wp\/v2\/posts"}],"about":[{"href":"https:\/\/zjarr.tv\/sq\/wp-json\/wp\/v2\/types\/post"}],"author":[{"embeddable":true,"href":"https:\/\/zjarr.tv\/sq\/wp-json\/wp\/v2\/users\/2013"}],"replies":[{"embeddable":true,"href":"https:\/\/zjarr.tv\/sq\/wp-json\/wp\/v2\/comments?post=86758"}],"version-history":[{"count":0,"href":"https:\/\/zjarr.tv\/sq\/wp-json\/wp\/v2\/posts\/86758\/revisions"}],"wp:featuredmedia":[{"embeddable":true,"href":"https:\/\/zjarr.tv\/sq\/wp-json\/wp\/v2\/media\/59128"}],"wp:attachment":[{"href":"https:\/\/zjarr.tv\/sq\/wp-json\/wp\/v2\/media?parent=86758"}],"wp:term":[{"taxonomy":"category","embeddable":true,"href":"https:\/\/zjarr.tv\/sq\/wp-json\/wp\/v2\/categories?post=86758"},{"taxonomy":"post_tag","embeddable":true,"href":"https:\/\/zjarr.tv\/sq\/wp-json\/wp\/v2\/tags?post=86758"}],"curies":[{"name":"wp","href":"https:\/\/api.w.org\/{rel}","templated":true}]}}