{"id":86768,"date":"2019-05-30T19:10:37","date_gmt":"2019-05-30T17:10:37","guid":{"rendered":"https:\/\/zjarr.tv\/?p=86768"},"modified":"2019-05-30T16:53:12","modified_gmt":"2019-05-30T14:53:12","slug":"shperndahet-parlamenti-izraeli-shkon-ne-zgjedhje-te-parakohshme-me-17-shtator","status":"publish","type":"post","link":"https:\/\/zjarr.tv\/sq\/shperndahet-parlamenti-izraeli-shkon-ne-zgjedhje-te-parakohshme-me-17-shtator\/","title":{"rendered":"Shp\u00ebrndahet parlamenti, Izraeli shkon n\u00eb zgjedhje t\u00eb parakohshme me 17 shtator"},"content":{"rendered":"<p><em>Izraeli do t\u00eb p\u00ebrballet me nj\u00eb proces t\u00eb dyt\u00eb zgjedhor t\u00eb parakohsh\u00ebm pasi kryeministri Benjamin Netanyahu nuk ka mundur t\u00eb formoj\u00eb koalicion qeveris\u00ebs. Kreu i ekzekutivit nuk ia doli t\u00eb sheshoj\u00eb ndasit\u00eb me partner\u00ebt rreth \u00e7\u00ebshtjes s\u00eb sh\u00ebrbimit ushtarak t\u00eb detyruesh\u00ebm, e cila rr\u00ebzoi qeverin\u00eb e tij edhe n\u00eb muajin dhjetor.<\/em><\/p>\n<p>Izraeli pritet p\u00ebr her\u00eb t\u00eb dyt\u00eb brenda gjasht\u00eb muajve q\u00eb t&#8217;i drejtohet zgjedhjeve t\u00eb parakohshme parlamentare.<\/p>\n<p>74 nga 120 deputet\u00ebt e kuvendit votuan t\u00eb m\u00ebrkur\u00ebn q\u00eb zgjedhjet e reja t\u00eb mbahen n\u00eb shtator.<\/p>\n<p>Kryeministri n\u00eb detyr\u00eb, Benjamin Netanyahu, pasi fitoi shtat\u00eb jav\u00eb m\u00eb par\u00eb gar\u00ebn p\u00ebr udh\u00ebheqjen e vendit, nuk arriti t\u00eb formoj\u00eb nj\u00eb koalicion qeveris\u00ebs.<\/p>\n<p>Negociatat e v\u00ebshtira me dy partner\u00ebt kryesor\u00eb u p\u00ebrqendruan ve\u00e7an\u00ebrisht te \u00e7\u00ebshtja e rekrutimit n\u00eb ushtri, e cila edhe n\u00eb muajin dhjetor u b\u00eb shkak p\u00ebr shkrirjen e parlamentit.<\/p>\n<p>Partia ultraortodokse k\u00ebrkon q\u00eb rekrutimi i student\u00ebve t\u00eb besimit t\u00eb tyre t\u00eb mos kryhet me detyrim.<\/p>\n<p>Nd\u00ebrsa partia e djatht\u00eb laike e kusht\u00ebzoi formimin e koalicionit me miratimin e projektligjit n\u00eb fjal\u00eb.<\/p>\n<p>Kreu i qeveris\u00eb akuzoi t\u00eb m\u00ebrkur\u00ebn aleatin e tij djathtist Avigdor Lieberman se po b\u00ebnte aleanc\u00eb me pal\u00ebn kund\u00ebrshtare, nd\u00ebrsa shprehu bindjen se do i fitoj\u00eb s\u00ebrish zgjedhjet e shtatorit.<\/p>\n<p>Procesi i ri zgjedhor pritet t&#8217;i kushtoj\u00eb vendit t\u00eb pakt\u00ebn 130 milion\u00eb dollar\u00eb dhe vjen n\u00eb koh\u00ebn q\u00eb po nd\u00ebrmjet\u00ebsohet marr\u00ebveshja p\u00ebr paqen n\u00eb Lindjen e Mesme.<\/p>\n<p>P\u00ebrpos gar\u00ebs s\u00eb v\u00ebshtir\u00eb elektorale, kryeministri Netanjahu do t\u00eb p\u00ebrballet n\u00eb muajt n\u00eb vijim edhe me tri padi penale p\u00ebr korrupsion, t\u00eb cilat ai vazhdimisht i ka mohuar.<\/p>\n","protected":false},"excerpt":{"rendered":"<p>Izraeli do t\u00eb p\u00ebrballet me nj\u00eb proces t\u00eb dyt\u00eb zgjedhor t\u00eb parakohsh\u00ebm pasi kryeministri Benjamin Netanyahu nuk ka mundur t\u00eb formoj\u00eb koalicion qeveris\u00ebs. Kreu i ekzekutivit nuk ia doli t\u00eb sheshoj\u00eb ndasit\u00eb me partner\u00ebt rreth \u00e7\u00ebshtjes s\u00eb sh\u00ebrbimit ushtarak t\u00eb detyruesh\u00ebm, e cila rr\u00ebzoi qeverin\u00eb e tij edhe n\u00eb muajin dhjetor. Izraeli pritet p\u00ebr her\u00eb [&hellip;]<\/p>\n","protected":false},"author":2013,"featured_media":86769,"comment_status":"open","ping_status":"closed","sticky":false,"template":"","format":"standard","meta":{"footnotes":""},"categories":[241,191],"tags":[],"class_list":{"0":"post-86768","1":"post","2":"type-post","3":"status-publish","4":"format-standard","5":"has-post-thumbnail","7":"category-aktualitet","8":"category-bota"},"_links":{"self":[{"href":"https:\/\/zjarr.tv\/sq\/wp-json\/wp\/v2\/posts\/86768","targetHints":{"allow":["GET"]}}],"collection":[{"href":"https:\/\/zjarr.tv\/sq\/wp-json\/wp\/v2\/posts"}],"about":[{"href":"https:\/\/zjarr.tv\/sq\/wp-json\/wp\/v2\/types\/post"}],"author":[{"embeddable":true,"href":"https:\/\/zjarr.tv\/sq\/wp-json\/wp\/v2\/users\/2013"}],"replies":[{"embeddable":true,"href":"https:\/\/zjarr.tv\/sq\/wp-json\/wp\/v2\/comments?post=86768"}],"version-history":[{"count":0,"href":"https:\/\/zjarr.tv\/sq\/wp-json\/wp\/v2\/posts\/86768\/revisions"}],"wp:featuredmedia":[{"embeddable":true,"href":"https:\/\/zjarr.tv\/sq\/wp-json\/wp\/v2\/media\/86769"}],"wp:attachment":[{"href":"https:\/\/zjarr.tv\/sq\/wp-json\/wp\/v2\/media?parent=86768"}],"wp:term":[{"taxonomy":"category","embeddable":true,"href":"https:\/\/zjarr.tv\/sq\/wp-json\/wp\/v2\/categories?post=86768"},{"taxonomy":"post_tag","embeddable":true,"href":"https:\/\/zjarr.tv\/sq\/wp-json\/wp\/v2\/tags?post=86768"}],"curies":[{"name":"wp","href":"https:\/\/api.w.org\/{rel}","templated":true}]}}