{"id":86773,"date":"2019-05-30T19:30:43","date_gmt":"2019-05-30T17:30:43","guid":{"rendered":"https:\/\/zjarr.tv\/?p=86773"},"modified":"2019-05-30T16:58:37","modified_gmt":"2019-05-30T14:58:37","slug":"irani-gati-per-lufte-me-shba-te","status":"publish","type":"post","link":"https:\/\/zjarr.tv\/sq\/irani-gati-per-lufte-me-shba-te\/","title":{"rendered":"Irani gati p\u00ebr luft\u00eb me SHBA-t\u00eb"},"content":{"rendered":"<p>Irani \u00ebsht\u00eb i p\u00ebrgatitur p\u00ebr mund\u00ebsin\u00eb e luft\u00ebs me Shtetet e Bashkuara t\u00eb Amerik\u00ebs, por shpreson q\u00eb tensionet mes dy kombeve t\u00eb zgjidhen me dialog.<\/p>\n<p><em>&#8220;Ne shpresojm\u00eb q\u00eb t\u00eb mund t\u00eb fillojm\u00eb nj\u00eb dialog, por ne jemi gati p\u00ebr luft\u00eb&#8221;,<\/em>\u00a0tha p\u00ebr RIA Novosti. z\u00ebvend\u00ebs ministri i Jashtme Abbas Araqchi.<\/p>\n<p>Ai theksoi se Irani ishte i vet\u00ebdijsh\u00ebm p\u00ebr &#8220;elemente t\u00eb caktuara&#8221; brenda qeveris\u00eb amerikane q\u00eb shtyjn\u00eb p\u00ebr luft\u00eb me Iranin, edhe pse nj\u00eb konflikt i till\u00eb do t\u00eb ishte &#8220;katastrofik&#8221; p\u00ebr t\u00eb gjith\u00eb Lindjen e Mesme.<\/p>\n<p><em>&#8220;Ne e dim\u00eb se ka elemente t\u00eb caktuara dhe njer\u00ebz q\u00eb po p\u00ebrpiqen t&#8217;i shtyjn\u00eb Shtetet e Bashkuara t\u00eb luftojn\u00eb me Iranin p\u00ebr q\u00ebllimet e tyre. Megjithat\u00eb, ne shpresojm\u00eb se men\u00e7uria do t\u00eb mbizot\u00ebroj\u00eb n\u00eb Uashington,<\/em>\u00a0&#8221; tha ai.<\/p>\n<p>Teherani n\u00eb m\u00ebnyr\u00eb t\u00eb p\u00ebrs\u00ebritur ka paralajm\u00ebruar SHBA kund\u00ebr provokimit t\u00eb nj\u00eb konflikti, duke deklaruar se Irani nuk \u00ebsht\u00eb i frik\u00ebsuar nga retorika gjithnj\u00eb e m\u00eb armiq\u00ebsore e Uashingtonit dhe vendosja ushtarake. Megjithat\u00eb, Teherani gjithmon\u00eb ka pohuar se nuk k\u00ebrkon luft\u00eb.<\/p>\n<p>&nbsp;<\/p>\n","protected":false},"excerpt":{"rendered":"<p>Irani \u00ebsht\u00eb i p\u00ebrgatitur p\u00ebr mund\u00ebsin\u00eb e luft\u00ebs me Shtetet e Bashkuara t\u00eb Amerik\u00ebs, por shpreson q\u00eb tensionet mes dy kombeve t\u00eb zgjidhen me dialog. &#8220;Ne shpresojm\u00eb q\u00eb t\u00eb mund t\u00eb fillojm\u00eb nj\u00eb dialog, por ne jemi gati p\u00ebr luft\u00eb&#8221;,\u00a0tha p\u00ebr RIA Novosti. z\u00ebvend\u00ebs ministri i Jashtme Abbas Araqchi. Ai theksoi se Irani ishte i [&hellip;]<\/p>\n","protected":false},"author":2013,"featured_media":86774,"comment_status":"open","ping_status":"closed","sticky":false,"template":"","format":"standard","meta":{"footnotes":""},"categories":[241,191],"tags":[],"class_list":{"0":"post-86773","1":"post","2":"type-post","3":"status-publish","4":"format-standard","5":"has-post-thumbnail","7":"category-aktualitet","8":"category-bota"},"_links":{"self":[{"href":"https:\/\/zjarr.tv\/sq\/wp-json\/wp\/v2\/posts\/86773","targetHints":{"allow":["GET"]}}],"collection":[{"href":"https:\/\/zjarr.tv\/sq\/wp-json\/wp\/v2\/posts"}],"about":[{"href":"https:\/\/zjarr.tv\/sq\/wp-json\/wp\/v2\/types\/post"}],"author":[{"embeddable":true,"href":"https:\/\/zjarr.tv\/sq\/wp-json\/wp\/v2\/users\/2013"}],"replies":[{"embeddable":true,"href":"https:\/\/zjarr.tv\/sq\/wp-json\/wp\/v2\/comments?post=86773"}],"version-history":[{"count":0,"href":"https:\/\/zjarr.tv\/sq\/wp-json\/wp\/v2\/posts\/86773\/revisions"}],"wp:featuredmedia":[{"embeddable":true,"href":"https:\/\/zjarr.tv\/sq\/wp-json\/wp\/v2\/media\/86774"}],"wp:attachment":[{"href":"https:\/\/zjarr.tv\/sq\/wp-json\/wp\/v2\/media?parent=86773"}],"wp:term":[{"taxonomy":"category","embeddable":true,"href":"https:\/\/zjarr.tv\/sq\/wp-json\/wp\/v2\/categories?post=86773"},{"taxonomy":"post_tag","embeddable":true,"href":"https:\/\/zjarr.tv\/sq\/wp-json\/wp\/v2\/tags?post=86773"}],"curies":[{"name":"wp","href":"https:\/\/api.w.org\/{rel}","templated":true}]}}