{"id":86784,"date":"2019-05-30T20:00:05","date_gmt":"2019-05-30T18:00:05","guid":{"rendered":"https:\/\/zjarr.tv\/?p=86784"},"modified":"2019-05-30T17:08:48","modified_gmt":"2019-05-30T15:08:48","slug":"inter-pergatit-terrenin-per-conten-shkarkon-spallettin","status":"publish","type":"post","link":"https:\/\/zjarr.tv\/sq\/inter-pergatit-terrenin-per-conten-shkarkon-spallettin\/","title":{"rendered":"Inter p\u00ebrgatit terrenin p\u00ebr Conten, shkarkon Spallettin"},"content":{"rendered":"<p>Luciano Spalletti nuk do t\u00eb jet\u00eb trajner i Interit duke nisur q\u00eb prej dit\u00ebs s\u00eb sotme. Lajmi \u00ebsht\u00eb konfirmuar nga faqja zyrtare e klubit zikalt\u00ebr.<\/p>\n<p><em>&#8220;FC Internazionale Milano mund t\u00eb konfirmoj\u00eb se Luciano Spalletti nuk \u00ebsht\u00eb m\u00eb trajneri i ekipit t\u00eb par\u00eb. Klubi d\u00ebshiron t\u00eb fal\u00ebnderoj\u00eb Spalletin p\u00ebr pun\u00ebn e tij dhe rezultatet e arritura s\u00eb bashku&#8221;.-thuhet n\u00eb deklarat\u00ebn e klubit nga Milano.\u00a0<\/em><\/p>\n<p>Spalletti mori drejtimin e Interit n\u00eb vitin 2017, teksa arriti ta kualifikoj\u00eb n\u00eb UEFA Champions League k\u00ebt\u00eb sezon. Ai kishte nj\u00eb kontrat\u00eb deri n\u00eb vitin 2021, por kjo nuk e ndali kryesin\u00eb e klubit q\u00eb ta shkarkonte.<\/p>\n<p>Pasuesi i tij pritet t\u00eb jet\u00eb Antonio Conte, i cili si\u00e7 m\u00ebsohet nga mediat italiane e ka arritur tashm\u00eb marr\u00ebveshjen me zikalt\u00ebrit dhe n\u00eb dit\u00ebt e ardhshme pritet prezantimi.<\/p>\n<p>&nbsp;<\/p>\n","protected":false},"excerpt":{"rendered":"<p>Luciano Spalletti nuk do t\u00eb jet\u00eb trajner i Interit duke nisur q\u00eb prej dit\u00ebs s\u00eb sotme. Lajmi \u00ebsht\u00eb konfirmuar nga faqja zyrtare e klubit zikalt\u00ebr. &#8220;FC Internazionale Milano mund t\u00eb konfirmoj\u00eb se Luciano Spalletti nuk \u00ebsht\u00eb m\u00eb trajneri i ekipit t\u00eb par\u00eb. Klubi d\u00ebshiron t\u00eb fal\u00ebnderoj\u00eb Spalletin p\u00ebr pun\u00ebn e tij dhe rezultatet e arritura [&hellip;]<\/p>\n","protected":false},"author":2013,"featured_media":86785,"comment_status":"open","ping_status":"closed","sticky":false,"template":"","format":"standard","meta":{"footnotes":""},"categories":[241,192],"tags":[],"class_list":{"0":"post-86784","1":"post","2":"type-post","3":"status-publish","4":"format-standard","5":"has-post-thumbnail","7":"category-aktualitet","8":"category-sport"},"_links":{"self":[{"href":"https:\/\/zjarr.tv\/sq\/wp-json\/wp\/v2\/posts\/86784","targetHints":{"allow":["GET"]}}],"collection":[{"href":"https:\/\/zjarr.tv\/sq\/wp-json\/wp\/v2\/posts"}],"about":[{"href":"https:\/\/zjarr.tv\/sq\/wp-json\/wp\/v2\/types\/post"}],"author":[{"embeddable":true,"href":"https:\/\/zjarr.tv\/sq\/wp-json\/wp\/v2\/users\/2013"}],"replies":[{"embeddable":true,"href":"https:\/\/zjarr.tv\/sq\/wp-json\/wp\/v2\/comments?post=86784"}],"version-history":[{"count":0,"href":"https:\/\/zjarr.tv\/sq\/wp-json\/wp\/v2\/posts\/86784\/revisions"}],"wp:featuredmedia":[{"embeddable":true,"href":"https:\/\/zjarr.tv\/sq\/wp-json\/wp\/v2\/media\/86785"}],"wp:attachment":[{"href":"https:\/\/zjarr.tv\/sq\/wp-json\/wp\/v2\/media?parent=86784"}],"wp:term":[{"taxonomy":"category","embeddable":true,"href":"https:\/\/zjarr.tv\/sq\/wp-json\/wp\/v2\/categories?post=86784"},{"taxonomy":"post_tag","embeddable":true,"href":"https:\/\/zjarr.tv\/sq\/wp-json\/wp\/v2\/tags?post=86784"}],"curies":[{"name":"wp","href":"https:\/\/api.w.org\/{rel}","templated":true}]}}